{"id":594,"date":"2011-06-15T18:11:00","date_gmt":"2011-06-15T18:11:00","guid":{"rendered":"http:\/\/colegio9urquiza.edu.ar\/blog\/sin-clases-t-noche-el-15-de-junio\/"},"modified":"2011-06-15T18:11:00","modified_gmt":"2011-06-15T18:11:00","slug":"sin-clases-t-noche-el-15-de-junio","status":"publish","type":"post","link":"http:\/\/colegio9urquiza.edu.ar\/blog\/sin-clases-t-noche-el-15-de-junio\/","title":{"rendered":"Sin clases T Noche el 15 de junio&#8230;"},"content":{"rendered":"<p><a href=\"http:\/\/www.clafoti.com\/dictionary\/L\/L_letterenvelopemailbox.gif\"><img decoding=\"async\" style=\"MARGIN: 0px 10px 10px 0px; WIDTH: 45px; FLOAT: left; HEIGHT: 52px; CURSOR: hand\" border=\"0\" alt=\"\" src=\"http:\/\/www.clafoti.com\/dictionary\/L\/L_letterenvelopemailbox.gif\" \/><\/a><\/p>\n<p><\/p>\n<div><span style=\"color:#993399;\">Hola !<br \/>Disculpen la insistencia con el mismo tema&#8230;pero nos llamaron de la rector\u00eda para comunicarnos que <span style=\"color:#cc0000;\">esta noche (15 de junio) NO HAY CLASES en el turno de la noche<\/span>. Al igual que otras veces, la escuela no quedar\u00e1 cerrada: habr\u00e1 guardias administrativas. <span style=\"color:#000099;\">Dejamos en claro que a partir del jueves 16 de junio se dictar\u00e1n clases normalmente en los tres turnos (ma\u00f1ana, tarde y noche).<\/span> Los dos blogs de la escuela tienen una nueva aplicaci\u00f3n en donde ustedes se podr\u00e1n suscribir v\u00eda correo electr\u00f3nico: si as\u00ed lo hacen, podr\u00e1n recibir en su casilla una notificaci\u00f3n de cualquier cambio de contenido de este blog.<\/p>\n<p>Gracias por seguirnos&#8230;<\/p>\n<p>Los que hacemos el Urquiza &#8216;on line.&#8217;<\/span><\/div>\n","protected":false},"excerpt":{"rendered":"<p>Hola !Disculpen la insistencia con el mismo tema&#8230;pero nos llamaron de la rector\u00eda para comunicarnos que esta noche (15 de junio) NO HAY CLASES en el turno de la noche. Al igual que otras veces, la escuela no quedar\u00e1 cerrada: habr\u00e1 guardias administrativas. Dejamos en claro que a partir del jueves 16 de junio se &hellip; <a href=\"http:\/\/colegio9urquiza.edu.ar\/blog\/sin-clases-t-noche-el-15-de-junio\/\" class=\"more-link\">Sigue leyendo <span class=\"screen-reader-text\">Sin clases T Noche el 15 de junio&#8230;<\/span><\/a><\/p>\n","protected":false},"author":2,"featured_media":0,"comment_status":"open","ping_status":"open","sticky":false,"template":"","format":"standard","meta":[],"categories":[1],"tags":[],"_links":{"self":[{"href":"http:\/\/colegio9urquiza.edu.ar\/blog\/wp-json\/wp\/v2\/posts\/594"}],"collection":[{"href":"http:\/\/colegio9urquiza.edu.ar\/blog\/wp-json\/wp\/v2\/posts"}],"about":[{"href":"http:\/\/colegio9urquiza.edu.ar\/blog\/wp-json\/wp\/v2\/types\/post"}],"author":[{"embeddable":true,"href":"http:\/\/colegio9urquiza.edu.ar\/blog\/wp-json\/wp\/v2\/users\/2"}],"replies":[{"embeddable":true,"href":"http:\/\/colegio9urquiza.edu.ar\/blog\/wp-json\/wp\/v2\/comments?post=594"}],"version-history":[{"count":0,"href":"http:\/\/colegio9urquiza.edu.ar\/blog\/wp-json\/wp\/v2\/posts\/594\/revisions"}],"wp:attachment":[{"href":"http:\/\/colegio9urquiza.edu.ar\/blog\/wp-json\/wp\/v2\/media?parent=594"}],"wp:term":[{"taxonomy":"category","embeddable":true,"href":"http:\/\/colegio9urquiza.edu.ar\/blog\/wp-json\/wp\/v2\/categories?post=594"},{"taxonomy":"post_tag","embeddable":true,"href":"http:\/\/colegio9urquiza.edu.ar\/blog\/wp-json\/wp\/v2\/tags?post=594"}],"curies":[{"name":"wp","href":"https:\/\/api.w.org\/{rel}","templated":true}]}}