{"id":593,"date":"2011-06-21T05:46:00","date_gmt":"2011-06-21T05:46:00","guid":{"rendered":"http:\/\/colegio9urquiza.edu.ar\/blog\/la-feria-del-libro-y-el-urquiza\/"},"modified":"2011-06-21T05:46:00","modified_gmt":"2011-06-21T05:46:00","slug":"la-feria-del-libro-y-el-urquiza","status":"publish","type":"post","link":"http:\/\/colegio9urquiza.edu.ar\/blog\/la-feria-del-libro-y-el-urquiza\/","title":{"rendered":"La Feria del Libro y el Urquiza&#8230;"},"content":{"rendered":"<div align=\"left\"><a href=\"http:\/\/www.clafoti.com\/dictionary\/b\/B_book4.gif\"><img decoding=\"async\" style=\"MARGIN: 0px 10px 10px 0px; WIDTH: 82px; FLOAT: left; HEIGHT: 82px; CURSOR: hand\" border=\"0\" alt=\"\" src=\"http:\/\/www.clafoti.com\/dictionary\/b\/B_book4.gif\" \/><\/a><br \/><span style=\"color:#3333ff;\">Como todos ya saben del 20 de abril al 5 de mayo se llev\u00f3 a cabo la tradicional Feria del Libro edici\u00f3n 2011. En aquella oportunidad estuvimos presentes con un stand de nuestra escuela. Aqu\u00ed les publicamos algunas fotos de lo sucedido. Agradecemos a todos los que contribuyen con su tiempo y material para que los blogs del Urquiza se sigan dotando de contenido y se mantengan actualizados.<br \/><\/span><span style=\"color:#3333ff;\"><\/div>\n<p><\/p>\n<div align=\"left\"><\/span><span style=\"color:#3333ff;\"><\/div>\n<p><\/p>\n<p align=\"center\"><object width=\"400\" height=\"300\"><param name=\"flashvars\" value=\"offsite=true&amp;lang=es-us&amp;page_show_url=%2Fphotos%2F53900150%40N04%2Fsets%2F72157627009788294%2Fshow%2F&amp;page_show_back_url=%2Fphotos%2F53900150%40N04%2Fsets%2F72157627009788294%2F&amp;set_id=72157627009788294&amp;jump_to=\"><param name=\"movie\" value=\"http:\/\/www.flickr.com\/apps\/slideshow\/show.swf?v=104087\"><param name=\"allowFullScreen\" value=\"true\"><embed type=\"application\/x-shockwave-flash\" src=\"http:\/\/www.flickr.com\/apps\/slideshow\/show.swf?v=104087\" allowfullscreen=\"true\" flashvars=\"offsite=true&#038;lang=es-us&#038;page_show_url=%2Fphotos%2F53900150%40N04%2Fsets%2F72157627009788294%2Fshow%2F&#038;page_show_back_url=%2Fphotos%2F53900150%40N04%2Fsets%2F72157627009788294%2F&#038;set_id=72157627009788294&#038;jump_to=\" width=\"400\" height=\"300\"><\/embed><\/object><\/p>\n<p><\/p>\n<div align=\"left\">Gracias por acompa\u00f1arnos&#8230;<br \/>Los que hacemos el Urquiza &#8216;on line.&#8217;<\/span> <\/div>\n","protected":false},"excerpt":{"rendered":"<p>Como todos ya saben del 20 de abril al 5 de mayo se llev\u00f3 a cabo la tradicional Feria del Libro edici\u00f3n 2011. En aquella oportunidad estuvimos presentes con un stand de nuestra escuela. Aqu\u00ed les publicamos algunas fotos de lo sucedido. Agradecemos a todos los que contribuyen con su tiempo y material para que &hellip; <a href=\"http:\/\/colegio9urquiza.edu.ar\/blog\/la-feria-del-libro-y-el-urquiza\/\" class=\"more-link\">Sigue leyendo <span class=\"screen-reader-text\">La Feria del Libro y el Urquiza&#8230;<\/span><\/a><\/p>\n","protected":false},"author":2,"featured_media":0,"comment_status":"open","ping_status":"open","sticky":false,"template":"","format":"standard","meta":[],"categories":[1],"tags":[],"_links":{"self":[{"href":"http:\/\/colegio9urquiza.edu.ar\/blog\/wp-json\/wp\/v2\/posts\/593"}],"collection":[{"href":"http:\/\/colegio9urquiza.edu.ar\/blog\/wp-json\/wp\/v2\/posts"}],"about":[{"href":"http:\/\/colegio9urquiza.edu.ar\/blog\/wp-json\/wp\/v2\/types\/post"}],"author":[{"embeddable":true,"href":"http:\/\/colegio9urquiza.edu.ar\/blog\/wp-json\/wp\/v2\/users\/2"}],"replies":[{"embeddable":true,"href":"http:\/\/colegio9urquiza.edu.ar\/blog\/wp-json\/wp\/v2\/comments?post=593"}],"version-history":[{"count":0,"href":"http:\/\/colegio9urquiza.edu.ar\/blog\/wp-json\/wp\/v2\/posts\/593\/revisions"}],"wp:attachment":[{"href":"http:\/\/colegio9urquiza.edu.ar\/blog\/wp-json\/wp\/v2\/media?parent=593"}],"wp:term":[{"taxonomy":"category","embeddable":true,"href":"http:\/\/colegio9urquiza.edu.ar\/blog\/wp-json\/wp\/v2\/categories?post=593"},{"taxonomy":"post_tag","embeddable":true,"href":"http:\/\/colegio9urquiza.edu.ar\/blog\/wp-json\/wp\/v2\/tags?post=593"}],"curies":[{"name":"wp","href":"https:\/\/api.w.org\/{rel}","templated":true}]}}