{"id":592,"date":"2011-07-09T03:30:00","date_gmt":"2011-07-09T03:30:00","guid":{"rendered":"http:\/\/colegio9urquiza.edu.ar\/blog\/noticias-sobre-el-lunes-11-de-julio-de-2011\/"},"modified":"2011-07-09T03:30:00","modified_gmt":"2011-07-09T03:30:00","slug":"noticias-sobre-el-lunes-11-de-julio-de-2011","status":"publish","type":"post","link":"http:\/\/colegio9urquiza.edu.ar\/blog\/noticias-sobre-el-lunes-11-de-julio-de-2011\/","title":{"rendered":"Noticias sobre el lunes 11 de julio de 2011&#8230;"},"content":{"rendered":"<p><a href=\"http:\/\/www.clafoti.com\/DICTIONARY\/R\/Radio_tower_2.gif\"><img decoding=\"async\" style=\"MARGIN: 0px 10px 10px 0px; WIDTH: 87px; FLOAT: left; HEIGHT: 87px; CURSOR: hand\" border=\"0\" alt=\"\" src=\"http:\/\/www.clafoti.com\/DICTIONARY\/R\/Radio_tower_2.gif\" \/><\/a><\/p>\n<div><strong><span style=\"color:#000099;\">\u00a1Hola querida gente del Urquiza!<\/p>\n<p>Informamos a todos que este lunes 11 de julio las actividades de nuestro colegio ser\u00e1n diferentes a lo habitual. Aqu\u00ed les dejamos el cronograma de actividades para este lunes 11\/7\/2011.<\/p>\n<p>En el turno de la ma\u00f1ana no se dictar\u00e1n clases: (clases suspendidas).<br \/>En el turno de la tarde habr\u00e1 clases con normalidad hasta las 17: 40 horas.<br \/>Luego habr\u00e1 una reuni\u00f3n de personal de caracter obligatorio desde las 18:00 horas hasta las 20: 30 horas.<br \/>Finalmente en el turno noche se dictar\u00e1n clases a partir de las 20:40 en adelante.<\/p>\n<p>No olviden suscribirse al blog para estar al corriente de m\u00e1s noticias y novedades de nuestro querido Urquiza de Flores.<\/p>\n<p>Saludos cordiales y \u00a1Buen fin de semana!<\/p>\n<p>Los que hacemos el Urquiza &#8216;on line.&#8217;<\/span><\/strong><\/div>\n","protected":false},"excerpt":{"rendered":"<p>\u00a1Hola querida gente del Urquiza! Informamos a todos que este lunes 11 de julio las actividades de nuestro colegio ser\u00e1n diferentes a lo habitual. Aqu\u00ed les dejamos el cronograma de actividades para este lunes 11\/7\/2011. En el turno de la ma\u00f1ana no se dictar\u00e1n clases: (clases suspendidas).En el turno de la tarde habr\u00e1 clases con &hellip; <a href=\"http:\/\/colegio9urquiza.edu.ar\/blog\/noticias-sobre-el-lunes-11-de-julio-de-2011\/\" class=\"more-link\">Sigue leyendo <span class=\"screen-reader-text\">Noticias sobre el lunes 11 de julio de 2011&#8230;<\/span><\/a><\/p>\n","protected":false},"author":2,"featured_media":0,"comment_status":"open","ping_status":"open","sticky":false,"template":"","format":"standard","meta":[],"categories":[1],"tags":[],"_links":{"self":[{"href":"http:\/\/colegio9urquiza.edu.ar\/blog\/wp-json\/wp\/v2\/posts\/592"}],"collection":[{"href":"http:\/\/colegio9urquiza.edu.ar\/blog\/wp-json\/wp\/v2\/posts"}],"about":[{"href":"http:\/\/colegio9urquiza.edu.ar\/blog\/wp-json\/wp\/v2\/types\/post"}],"author":[{"embeddable":true,"href":"http:\/\/colegio9urquiza.edu.ar\/blog\/wp-json\/wp\/v2\/users\/2"}],"replies":[{"embeddable":true,"href":"http:\/\/colegio9urquiza.edu.ar\/blog\/wp-json\/wp\/v2\/comments?post=592"}],"version-history":[{"count":0,"href":"http:\/\/colegio9urquiza.edu.ar\/blog\/wp-json\/wp\/v2\/posts\/592\/revisions"}],"wp:attachment":[{"href":"http:\/\/colegio9urquiza.edu.ar\/blog\/wp-json\/wp\/v2\/media?parent=592"}],"wp:term":[{"taxonomy":"category","embeddable":true,"href":"http:\/\/colegio9urquiza.edu.ar\/blog\/wp-json\/wp\/v2\/categories?post=592"},{"taxonomy":"post_tag","embeddable":true,"href":"http:\/\/colegio9urquiza.edu.ar\/blog\/wp-json\/wp\/v2\/tags?post=592"}],"curies":[{"name":"wp","href":"https:\/\/api.w.org\/{rel}","templated":true}]}}