{"id":591,"date":"2011-07-15T02:06:00","date_gmt":"2011-07-15T02:06:00","guid":{"rendered":"http:\/\/colegio9urquiza.edu.ar\/blog\/mesas-de-examen-y-jornada-institucional\/"},"modified":"2011-07-15T02:06:00","modified_gmt":"2011-07-15T02:06:00","slug":"mesas-de-examen-y-jornada-institucional","status":"publish","type":"post","link":"http:\/\/colegio9urquiza.edu.ar\/blog\/mesas-de-examen-y-jornada-institucional\/","title":{"rendered":"Mesas de examen y jornada institucional:"},"content":{"rendered":"<p><a href=\"http:\/\/www.clafoti.com\/DICTIONARY\/M\/M_mailbird.gif\"><img decoding=\"async\" style=\"MARGIN: 0px 10px 10px 0px; WIDTH: 81px; FLOAT: left; HEIGHT: 60px; CURSOR: hand\" border=\"0\" alt=\"\" src=\"http:\/\/www.clafoti.com\/DICTIONARY\/M\/M_mailbird.gif\" \/><\/a><br \/><span style=\"color:#3333ff;\">Hola a todos:<br \/>El siguiente cronograma es para informarles de las modificaciones en las mesas de examen de agosto de 2011. Adem\u00e1s les recordamos que a la vuelta del receso invernal se llevar\u00e1 a cabo una jornada institucional de car\u00e1cter obligatorio. Aqu\u00ed van pues los d\u00edas y horarios:<\/span><\/p>\n<p><span style=\"color:#993399;\">01\/08\/2011<br \/>SUSPENSI\u00d3N DE MESAS DE EXAMEN DEL<br \/>TURNO MA\u00d1ANA. PASAN AL D\u00cdA 03\/08\/2011<\/p>\n<p>TURNO TARDE Y NOCHE:<br \/>MESAS DE EXAMEN NORMALMENTE<br \/>SEG\u00daN LO ESTABLECIDO.<\/p>\n<p>02\/08\/2011<br \/>MESAS DE EXAMEN EN LOS 3 TURNOS<br \/>SEG\u00daN LO ESTABLECIDO.<\/p>\n<p>03\/08\/2011<br \/>&#8211; 8.00 hs LAS MESAS DE EXAMEN<br \/>SUSPENDIDAS DEL D\u00cdA 01\/08\/2011 PASAN A ESTE D\u00cdA.<\/p>\n<p>&#8211; JORNADA INSTITUCIONAL (OBLIGATORIA)<br \/>12.30 A 17.00 hs<br \/><\/span><br \/><span style=\"color:#3333ff;\">\u00a1Pero antes les deseamos que disfr\u00faten del receso! A recargar las bater\u00edas querida gente del Urquiza. Saludos cordiales.<\/p>\n<p>Los que hacemos el Urquiza &#8216;on line.&#8217;<\/span><\/p>\n","protected":false},"excerpt":{"rendered":"<p>Hola a todos:El siguiente cronograma es para informarles de las modificaciones en las mesas de examen de agosto de 2011. Adem\u00e1s les recordamos que a la vuelta del receso invernal se llevar\u00e1 a cabo una jornada institucional de car\u00e1cter obligatorio. Aqu\u00ed van pues los d\u00edas y horarios: 01\/08\/2011SUSPENSI\u00d3N DE MESAS DE EXAMEN DELTURNO MA\u00d1ANA. PASAN &hellip; <a href=\"http:\/\/colegio9urquiza.edu.ar\/blog\/mesas-de-examen-y-jornada-institucional\/\" class=\"more-link\">Sigue leyendo <span class=\"screen-reader-text\">Mesas de examen y jornada institucional:<\/span><\/a><\/p>\n","protected":false},"author":2,"featured_media":0,"comment_status":"open","ping_status":"open","sticky":false,"template":"","format":"standard","meta":[],"categories":[1],"tags":[],"_links":{"self":[{"href":"http:\/\/colegio9urquiza.edu.ar\/blog\/wp-json\/wp\/v2\/posts\/591"}],"collection":[{"href":"http:\/\/colegio9urquiza.edu.ar\/blog\/wp-json\/wp\/v2\/posts"}],"about":[{"href":"http:\/\/colegio9urquiza.edu.ar\/blog\/wp-json\/wp\/v2\/types\/post"}],"author":[{"embeddable":true,"href":"http:\/\/colegio9urquiza.edu.ar\/blog\/wp-json\/wp\/v2\/users\/2"}],"replies":[{"embeddable":true,"href":"http:\/\/colegio9urquiza.edu.ar\/blog\/wp-json\/wp\/v2\/comments?post=591"}],"version-history":[{"count":0,"href":"http:\/\/colegio9urquiza.edu.ar\/blog\/wp-json\/wp\/v2\/posts\/591\/revisions"}],"wp:attachment":[{"href":"http:\/\/colegio9urquiza.edu.ar\/blog\/wp-json\/wp\/v2\/media?parent=591"}],"wp:term":[{"taxonomy":"category","embeddable":true,"href":"http:\/\/colegio9urquiza.edu.ar\/blog\/wp-json\/wp\/v2\/categories?post=591"},{"taxonomy":"post_tag","embeddable":true,"href":"http:\/\/colegio9urquiza.edu.ar\/blog\/wp-json\/wp\/v2\/tags?post=591"}],"curies":[{"name":"wp","href":"https:\/\/api.w.org\/{rel}","templated":true}]}}