{"id":589,"date":"2011-08-12T01:55:00","date_gmt":"2011-08-12T01:55:00","guid":{"rendered":"http:\/\/colegio9urquiza.edu.ar\/blog\/informacion-sobre-becas-2\/"},"modified":"2011-08-12T01:55:00","modified_gmt":"2011-08-12T01:55:00","slug":"informacion-sobre-becas-2","status":"publish","type":"post","link":"http:\/\/colegio9urquiza.edu.ar\/blog\/informacion-sobre-becas-2\/","title":{"rendered":"Informaci\u00f3n sobre becas"},"content":{"rendered":"<p><a href=\"http:\/\/www.clafoti.com\/rare\/penguin_note.gif\"><img decoding=\"async\" style=\"MARGIN: 0px 10px 10px 0px; WIDTH: 98px; FLOAT: left; HEIGHT: 98px; CURSOR: hand\" border=\"0\" alt=\"\" src=\"http:\/\/www.clafoti.com\/rare\/penguin_note.gif\" \/><\/a><\/p>\n<div><em><span style=\"color:#3333ff;\"><strong>\u00a1Hola alumnos del Urquiza!<\/strong><\/span><\/em><\/div>\n<p><\/p>\n<div><em><span style=\"color:#3333ff;\"><strong><\/strong><\/span><\/em><\/div>\n<p><\/p>\n<div><em><span style=\"color:#3333ff;\"><strong>Desde secretar\u00eda nos hacen llegar noticias sobre la segunda etapa de inscripci\u00f3n a becas. Les informamos que esta segunda etapa se llevar\u00e1 a cabo del 23 de agosto al 6 de septiembre y que los interesados deber\u00e1n solicitar turno por Internet en la siguiente direcci\u00f3n:<\/strong><\/span><\/em><\/div>\n<div><a href=\"http:\/\/www.becasciudad.buenosaires.gob.ar\/\"><em><span style=\"color:#3333ff;\"><strong>http:\/\/www.becasciudad.buenosaires.gob.ar\/<\/strong><\/span><\/em><\/a><\/div>\n<div><em><span style=\"color:#3333ff;\"><strong>Cuando entren al enlace y soliciten el turno se les indicar\u00e1 el d\u00eda, hora y el establecimiento al cual deber\u00e1n dirigirse. <\/strong><\/span><\/em><\/div>\n<div><em><span style=\"color:#3333ff;\"><strong>Saludos cordiales a todos los seguidores del blog<\/strong><\/span><\/em><\/div>\n<div><em><span style=\"color:#3333ff;\"><strong>Los que hacemos el Urquiza &#8216;on line.&#8217;<\/strong><\/span><\/em><\/div>\n<p><\/p>\n","protected":false},"excerpt":{"rendered":"<p>\u00a1Hola alumnos del Urquiza! Desde secretar\u00eda nos hacen llegar noticias sobre la segunda etapa de inscripci\u00f3n a becas. Les informamos que esta segunda etapa se llevar\u00e1 a cabo del 23 de agosto al 6 de septiembre y que los interesados deber\u00e1n solicitar turno por Internet en la siguiente direcci\u00f3n: http:\/\/www.becasciudad.buenosaires.gob.ar\/ Cuando entren al enlace y &hellip; <a href=\"http:\/\/colegio9urquiza.edu.ar\/blog\/informacion-sobre-becas-2\/\" class=\"more-link\">Sigue leyendo <span class=\"screen-reader-text\">Informaci\u00f3n sobre becas<\/span><\/a><\/p>\n","protected":false},"author":2,"featured_media":0,"comment_status":"open","ping_status":"open","sticky":false,"template":"","format":"standard","meta":[],"categories":[1],"tags":[],"_links":{"self":[{"href":"http:\/\/colegio9urquiza.edu.ar\/blog\/wp-json\/wp\/v2\/posts\/589"}],"collection":[{"href":"http:\/\/colegio9urquiza.edu.ar\/blog\/wp-json\/wp\/v2\/posts"}],"about":[{"href":"http:\/\/colegio9urquiza.edu.ar\/blog\/wp-json\/wp\/v2\/types\/post"}],"author":[{"embeddable":true,"href":"http:\/\/colegio9urquiza.edu.ar\/blog\/wp-json\/wp\/v2\/users\/2"}],"replies":[{"embeddable":true,"href":"http:\/\/colegio9urquiza.edu.ar\/blog\/wp-json\/wp\/v2\/comments?post=589"}],"version-history":[{"count":0,"href":"http:\/\/colegio9urquiza.edu.ar\/blog\/wp-json\/wp\/v2\/posts\/589\/revisions"}],"wp:attachment":[{"href":"http:\/\/colegio9urquiza.edu.ar\/blog\/wp-json\/wp\/v2\/media?parent=589"}],"wp:term":[{"taxonomy":"category","embeddable":true,"href":"http:\/\/colegio9urquiza.edu.ar\/blog\/wp-json\/wp\/v2\/categories?post=589"},{"taxonomy":"post_tag","embeddable":true,"href":"http:\/\/colegio9urquiza.edu.ar\/blog\/wp-json\/wp\/v2\/tags?post=589"}],"curies":[{"name":"wp","href":"https:\/\/api.w.org\/{rel}","templated":true}]}}