{"id":588,"date":"2011-08-14T23:39:00","date_gmt":"2011-08-14T23:39:00","guid":{"rendered":"http:\/\/colegio9urquiza.edu.ar\/blog\/noticias-sobre-el-lunes-15-08-2011\/"},"modified":"2011-08-14T23:39:00","modified_gmt":"2011-08-14T23:39:00","slug":"noticias-sobre-el-lunes-15-08-2011","status":"publish","type":"post","link":"http:\/\/colegio9urquiza.edu.ar\/blog\/noticias-sobre-el-lunes-15-08-2011\/","title":{"rendered":"Noticias sobre el lunes 15 \/ 08 \/2011"},"content":{"rendered":"<p><a href=\"http:\/\/www.clafoti.com\/DICTIONARY\/M\/M_mailbird.gif\"><img decoding=\"async\" style=\"MARGIN: 0px 10px 10px 0px; WIDTH: 81px; FLOAT: left; HEIGHT: 60px; CURSOR: hand\" border=\"0\" alt=\"\" src=\"http:\/\/www.clafoti.com\/DICTIONARY\/M\/M_mailbird.gif\" \/><\/a><\/p>\n<p><strong><em><span style=\"color:#3366ff;\">\u00a1Hola a todos!<\/span><\/em><\/strong><\/p>\n<p><strong><em><span style=\"color:#3366ff;\">Con motivo de las elecciones primarias llevadas a cabo en todo el pa\u00eds el domingo 14 de agosto, <span style=\"color:#6600cc;\">no habr\u00e1 clases en el turno de la ma\u00f1ana del d\u00eda 15<\/span> en nuestro establecimiento. <\/span><span style=\"color:#6600cc;\">En el turno tarde y noche s\u00ed se dictar\u00e1n clases con normalidad. <\/span><\/em><\/strong><\/p>\n<p><strong><em><span style=\"color:#3366ff;\">Saludamos a todos los seguidores del blog y les deseamos una buena semana.<\/span><\/em><\/strong><\/p>\n<p><strong><em><span style=\"color:#3333ff;\">Los que hacemos el Urquiza &#8216;on line.&#8217;<\/span><\/em><\/strong><br \/><\/p>\n","protected":false},"excerpt":{"rendered":"<p>\u00a1Hola a todos! Con motivo de las elecciones primarias llevadas a cabo en todo el pa\u00eds el domingo 14 de agosto, no habr\u00e1 clases en el turno de la ma\u00f1ana del d\u00eda 15 en nuestro establecimiento. En el turno tarde y noche s\u00ed se dictar\u00e1n clases con normalidad. Saludamos a todos los seguidores del blog &hellip; <a href=\"http:\/\/colegio9urquiza.edu.ar\/blog\/noticias-sobre-el-lunes-15-08-2011\/\" class=\"more-link\">Sigue leyendo <span class=\"screen-reader-text\">Noticias sobre el lunes 15 \/ 08 \/2011<\/span><\/a><\/p>\n","protected":false},"author":2,"featured_media":0,"comment_status":"open","ping_status":"open","sticky":false,"template":"","format":"standard","meta":[],"categories":[1],"tags":[],"_links":{"self":[{"href":"http:\/\/colegio9urquiza.edu.ar\/blog\/wp-json\/wp\/v2\/posts\/588"}],"collection":[{"href":"http:\/\/colegio9urquiza.edu.ar\/blog\/wp-json\/wp\/v2\/posts"}],"about":[{"href":"http:\/\/colegio9urquiza.edu.ar\/blog\/wp-json\/wp\/v2\/types\/post"}],"author":[{"embeddable":true,"href":"http:\/\/colegio9urquiza.edu.ar\/blog\/wp-json\/wp\/v2\/users\/2"}],"replies":[{"embeddable":true,"href":"http:\/\/colegio9urquiza.edu.ar\/blog\/wp-json\/wp\/v2\/comments?post=588"}],"version-history":[{"count":0,"href":"http:\/\/colegio9urquiza.edu.ar\/blog\/wp-json\/wp\/v2\/posts\/588\/revisions"}],"wp:attachment":[{"href":"http:\/\/colegio9urquiza.edu.ar\/blog\/wp-json\/wp\/v2\/media?parent=588"}],"wp:term":[{"taxonomy":"category","embeddable":true,"href":"http:\/\/colegio9urquiza.edu.ar\/blog\/wp-json\/wp\/v2\/categories?post=588"},{"taxonomy":"post_tag","embeddable":true,"href":"http:\/\/colegio9urquiza.edu.ar\/blog\/wp-json\/wp\/v2\/tags?post=588"}],"curies":[{"name":"wp","href":"https:\/\/api.w.org\/{rel}","templated":true}]}}