{"id":587,"date":"2011-08-16T04:12:00","date_gmt":"2011-08-16T04:12:00","guid":{"rendered":"http:\/\/colegio9urquiza.edu.ar\/blog\/producciones-de-plastica-turno-tarde\/"},"modified":"2011-08-16T04:12:00","modified_gmt":"2011-08-16T04:12:00","slug":"producciones-de-plastica-turno-tarde","status":"publish","type":"post","link":"http:\/\/colegio9urquiza.edu.ar\/blog\/producciones-de-plastica-turno-tarde\/","title":{"rendered":"Producciones de pl\u00e1stica turno tarde"},"content":{"rendered":"<div align=\"left\"><strong><span style=\"color: #3333ff;\">\u00a1Hola otra vez!<\/span><\/strong> <\/div>\n<p><\/p>\n<div align=\"left\"><strong><span style=\"color: #3333ff;\">La profesora Elisa Rezz\u00f3nico gentilmente nos hace llegar este v\u00eddeo para mostrarnos trabajos de pl\u00e1stica realizados en uno de sus cursos del turno tarde. <br \/>Nos cuenta la profe: \u00bbEl v\u00eddeo est\u00e1 armado a partir de trabajos de alumnos de 2do a\u00f1o 2da divisi\u00f3n del turno tarde. En ellos que se desarrollan conceptos de trama y color. <br \/>Trama: nos referimos a una secuencia determinada de l\u00edneas que generan un ritmo y una sucesi\u00f3n repetida de figuras. Se puede trabajar la trama en forma directa o bien deform\u00e1ndola y generando distintos juegos lineales. Respecto a Color se intent\u00f3 incluir conceptos de colores an\u00e1logos y complementarios, y nociones vinculadas al c\u00edrculo crom\u00e1tico, pero la elecci\u00f3n de colores qued\u00f3 a libre decisi\u00f3n del alumno y a veces a condicionantes de los materiales. <br \/>El uso de la trama excede el marco pl\u00e1stico, se la observa en elementos de la naturaleza, y en el \u00e1mbito artificial creado por el hombre como estructuras y fachadas de edificios. Se entremezclan con los trabajos obras de extraordinarios artistas: Piet Mondrian, Escher, ambos de origen holand\u00e9s, quienes hicieron de las tramas elementos esenciales de sus obras.\u00bb<\/span><\/strong><\/div>\n<div align=\"left\"><strong><span style=\"color: #3333ff;\">Gracias profe Rezz\u00f3nico&#8230; <\/span><\/strong><strong><span style=\"color: #3333ff;\"><\/span><\/strong><\/div>\n<p><\/p>\n<div align=\"center\"><iframe loading=\"lazy\" frameborder=\"0\" height=\"349\" src=\"http:\/\/www.youtube.com\/embed\/9L2HvVBlnQk?hl=es&amp;fs=1\" width=\"425\"><\/iframe> <\/div>\n<div align=\"left\"><strong><em><span style=\"color: #993399;\"><span style=\"color: #3333ff;\">Agradecemos a todos los profes que colaboran con los contenidos del blog. <\/p>\n<p>Saludos cordiales.<\/span><\/span><\/em><\/strong><\/div>\n<p><strong><em><span style=\"color: #993399;\"><span style=\"color: #6633ff;\">Los que hacemos el Urquiza &#8216;on line.&#8217;<\/span><\/span><\/em><\/strong><\/p>\n<div align=\"left\"><\/div>\n","protected":false},"excerpt":{"rendered":"<p>\u00a1Hola otra vez! La profesora Elisa Rezz\u00f3nico gentilmente nos hace llegar este v\u00eddeo para mostrarnos trabajos de pl\u00e1stica realizados en uno de sus cursos del turno tarde. Nos cuenta la profe: \u00bbEl v\u00eddeo est\u00e1 armado a partir de trabajos de alumnos de 2do a\u00f1o 2da divisi\u00f3n del turno tarde. En ellos que se desarrollan conceptos &hellip; <a href=\"http:\/\/colegio9urquiza.edu.ar\/blog\/producciones-de-plastica-turno-tarde\/\" class=\"more-link\">Sigue leyendo <span class=\"screen-reader-text\">Producciones de pl\u00e1stica turno tarde<\/span><\/a><\/p>\n","protected":false},"author":2,"featured_media":0,"comment_status":"open","ping_status":"open","sticky":false,"template":"","format":"standard","meta":[],"categories":[1],"tags":[],"_links":{"self":[{"href":"http:\/\/colegio9urquiza.edu.ar\/blog\/wp-json\/wp\/v2\/posts\/587"}],"collection":[{"href":"http:\/\/colegio9urquiza.edu.ar\/blog\/wp-json\/wp\/v2\/posts"}],"about":[{"href":"http:\/\/colegio9urquiza.edu.ar\/blog\/wp-json\/wp\/v2\/types\/post"}],"author":[{"embeddable":true,"href":"http:\/\/colegio9urquiza.edu.ar\/blog\/wp-json\/wp\/v2\/users\/2"}],"replies":[{"embeddable":true,"href":"http:\/\/colegio9urquiza.edu.ar\/blog\/wp-json\/wp\/v2\/comments?post=587"}],"version-history":[{"count":0,"href":"http:\/\/colegio9urquiza.edu.ar\/blog\/wp-json\/wp\/v2\/posts\/587\/revisions"}],"wp:attachment":[{"href":"http:\/\/colegio9urquiza.edu.ar\/blog\/wp-json\/wp\/v2\/media?parent=587"}],"wp:term":[{"taxonomy":"category","embeddable":true,"href":"http:\/\/colegio9urquiza.edu.ar\/blog\/wp-json\/wp\/v2\/categories?post=587"},{"taxonomy":"post_tag","embeddable":true,"href":"http:\/\/colegio9urquiza.edu.ar\/blog\/wp-json\/wp\/v2\/tags?post=587"}],"curies":[{"name":"wp","href":"https:\/\/api.w.org\/{rel}","templated":true}]}}