{"id":585,"date":"2011-09-22T05:56:00","date_gmt":"2011-09-22T05:56:00","guid":{"rendered":"http:\/\/colegio9urquiza.edu.ar\/blog\/previas-por-parciales-2011-2o-etapa\/"},"modified":"2011-09-22T05:56:00","modified_gmt":"2011-09-22T05:56:00","slug":"previas-por-parciales-2011-2o-etapa","status":"publish","type":"post","link":"http:\/\/colegio9urquiza.edu.ar\/blog\/previas-por-parciales-2011-2o-etapa\/","title":{"rendered":"Previas por parciales 2011 (2\u00ba etapa)"},"content":{"rendered":"<p><a href=\"http:\/\/www.clafoti.com\/people3\/058.gif\"><img decoding=\"async\" style=\"FLOAT: left; MARGIN: 0px 10px 10px 0px; WIDTH: 93px; CURSOR: hand; HEIGHT: 81px\" alt=\"\" src=\"http:\/\/www.clafoti.com\/people3\/058.gif\" border=\"0\" \/><\/a><\/p>\n<p><strong><em><span style=\"color:#3333ff;\">Ya habr\u00e1n visto esta informaci\u00f3n en muchos carteles de la escuela, pero nos pidieron que la &#8216;subamos&#8217; al blog institucional: aqu\u00ed les publicamos el listado de profesores que est\u00e1n a cargo del proyecto de previas por parciales que corresponde al a\u00f1o en curso. Aprovechamos la oportunidad para desearte suerte cuando tengas que rendir tus asignaturas previas!<\/span><\/em><\/strong><br \/><strong><em><span style=\"color:#3333ff;\">Si &#8216;pinchas&#8217; el siguiente enlace ver\u00e1s los horarios, las asignaturas y los profesores a cargo de evaluarte.<\/span><\/em><\/strong><\/p>\n<p><span style=\"color:#3366ff;\"><strong><a href=\"http:\/\/metaeducar.org\/urquiza\/web2\/previaspparciales2011.htm\">Visualizar el cronograma de horarios y asignaturas<\/a><\/strong><\/span><\/p>\n<p><strong><span style=\"color:#333399;\">Saludos cordiales a todos&#8230; Los que hacemos el Urquiza &#8216;on line.&#8217;<\/span><\/strong><\/p>\n","protected":false},"excerpt":{"rendered":"<p>Ya habr\u00e1n visto esta informaci\u00f3n en muchos carteles de la escuela, pero nos pidieron que la &#8216;subamos&#8217; al blog institucional: aqu\u00ed les publicamos el listado de profesores que est\u00e1n a cargo del proyecto de previas por parciales que corresponde al a\u00f1o en curso. Aprovechamos la oportunidad para desearte suerte cuando tengas que rendir tus asignaturas &hellip; <a href=\"http:\/\/colegio9urquiza.edu.ar\/blog\/previas-por-parciales-2011-2o-etapa\/\" class=\"more-link\">Sigue leyendo <span class=\"screen-reader-text\">Previas por parciales 2011 (2\u00ba etapa)<\/span><\/a><\/p>\n","protected":false},"author":2,"featured_media":0,"comment_status":"open","ping_status":"open","sticky":false,"template":"","format":"standard","meta":[],"categories":[1],"tags":[],"_links":{"self":[{"href":"http:\/\/colegio9urquiza.edu.ar\/blog\/wp-json\/wp\/v2\/posts\/585"}],"collection":[{"href":"http:\/\/colegio9urquiza.edu.ar\/blog\/wp-json\/wp\/v2\/posts"}],"about":[{"href":"http:\/\/colegio9urquiza.edu.ar\/blog\/wp-json\/wp\/v2\/types\/post"}],"author":[{"embeddable":true,"href":"http:\/\/colegio9urquiza.edu.ar\/blog\/wp-json\/wp\/v2\/users\/2"}],"replies":[{"embeddable":true,"href":"http:\/\/colegio9urquiza.edu.ar\/blog\/wp-json\/wp\/v2\/comments?post=585"}],"version-history":[{"count":0,"href":"http:\/\/colegio9urquiza.edu.ar\/blog\/wp-json\/wp\/v2\/posts\/585\/revisions"}],"wp:attachment":[{"href":"http:\/\/colegio9urquiza.edu.ar\/blog\/wp-json\/wp\/v2\/media?parent=585"}],"wp:term":[{"taxonomy":"category","embeddable":true,"href":"http:\/\/colegio9urquiza.edu.ar\/blog\/wp-json\/wp\/v2\/categories?post=585"},{"taxonomy":"post_tag","embeddable":true,"href":"http:\/\/colegio9urquiza.edu.ar\/blog\/wp-json\/wp\/v2\/tags?post=585"}],"curies":[{"name":"wp","href":"https:\/\/api.w.org\/{rel}","templated":true}]}}