{"id":584,"date":"2011-09-24T05:00:00","date_gmt":"2011-09-24T05:00:00","guid":{"rendered":"http:\/\/colegio9urquiza.edu.ar\/blog\/para-agendar-con-tiempo\/"},"modified":"2011-09-24T05:00:00","modified_gmt":"2011-09-24T05:00:00","slug":"para-agendar-con-tiempo","status":"publish","type":"post","link":"http:\/\/colegio9urquiza.edu.ar\/blog\/para-agendar-con-tiempo\/","title":{"rendered":"Para agendar con tiempo&#8230;"},"content":{"rendered":"<p><a href=\"http:\/\/www.clafoti.com\/DICTIONARY\/C\/C_CHECKMARK_.gif\"><img decoding=\"async\" style=\"FLOAT: left; MARGIN: 0px 10px 10px 0px; WIDTH: 32px; CURSOR: hand; HEIGHT: 32px\" alt=\"\" src=\"http:\/\/www.clafoti.com\/DICTIONARY\/C\/C_CHECKMARK_.gif\" border=\"0\" \/><\/a><\/p>\n<div><span style=\"color:#6600cc;\"><em><strong>Ex\u00e1menes de diciembre de 2011:<br \/>Alumnos regulares que completan curso (de 5\u00ba a\u00f1o ciclo lectivo anteriores al 2011) y alumnos libres.<\/strong><\/em><\/span><\/div>\n<p><\/p>\n<div><span style=\"color:#6600cc;\"><em><strong><br \/><span style=\"color:#3333ff;\">Inscripci\u00f3n del 07 al 25 de noviembre.<\/span><\/div>\n<p><\/strong><\/em><\/span><span style=\"color:#6600cc;\"><em><strong><\/p>\n<div>Horario y d\u00edas de atenci\u00f3n de secretar\u00eda:<br \/>Turno ma\u00f1ana: de 09 a 11 horas<br \/>Turno tarde: de 14 a 16 horas<br \/>Turno noche: de 20 a 22 horas<\/strong><\/em><\/span><\/div>\n<p><span style=\"color:#6600cc;\"><em><strong><\/p>\n<div><span style=\"color:#3333ff;\">En los tres turnos se inscribir\u00e1 s\u00f3lo lunes, mi\u00e9rcoles y viernes.<\/span><\/div>\n<p><span style=\"color:#3333ff;\"><\/p>\n<div><\/span>Los alumnos deberan realizar la incripci\u00f3n en el turno en que haya cursado la asignatura (sin excepci\u00f3n)<br \/>\u00a1Mucha suerte queridos alumnos!<\/div>\n<p><\/p>\n<div>Saludos cordiales a todos. Los que hacemos el Urquiza &#8216;on line.&#8217;<\/strong><\/em><\/span><\/div>\n","protected":false},"excerpt":{"rendered":"<p>Ex\u00e1menes de diciembre de 2011:Alumnos regulares que completan curso (de 5\u00ba a\u00f1o ciclo lectivo anteriores al 2011) y alumnos libres. Inscripci\u00f3n del 07 al 25 de noviembre. Horario y d\u00edas de atenci\u00f3n de secretar\u00eda:Turno ma\u00f1ana: de 09 a 11 horasTurno tarde: de 14 a 16 horasTurno noche: de 20 a 22 horas En los tres &hellip; <a href=\"http:\/\/colegio9urquiza.edu.ar\/blog\/para-agendar-con-tiempo\/\" class=\"more-link\">Sigue leyendo <span class=\"screen-reader-text\">Para agendar con tiempo&#8230;<\/span><\/a><\/p>\n","protected":false},"author":2,"featured_media":0,"comment_status":"open","ping_status":"open","sticky":false,"template":"","format":"standard","meta":[],"categories":[1],"tags":[],"_links":{"self":[{"href":"http:\/\/colegio9urquiza.edu.ar\/blog\/wp-json\/wp\/v2\/posts\/584"}],"collection":[{"href":"http:\/\/colegio9urquiza.edu.ar\/blog\/wp-json\/wp\/v2\/posts"}],"about":[{"href":"http:\/\/colegio9urquiza.edu.ar\/blog\/wp-json\/wp\/v2\/types\/post"}],"author":[{"embeddable":true,"href":"http:\/\/colegio9urquiza.edu.ar\/blog\/wp-json\/wp\/v2\/users\/2"}],"replies":[{"embeddable":true,"href":"http:\/\/colegio9urquiza.edu.ar\/blog\/wp-json\/wp\/v2\/comments?post=584"}],"version-history":[{"count":0,"href":"http:\/\/colegio9urquiza.edu.ar\/blog\/wp-json\/wp\/v2\/posts\/584\/revisions"}],"wp:attachment":[{"href":"http:\/\/colegio9urquiza.edu.ar\/blog\/wp-json\/wp\/v2\/media?parent=584"}],"wp:term":[{"taxonomy":"category","embeddable":true,"href":"http:\/\/colegio9urquiza.edu.ar\/blog\/wp-json\/wp\/v2\/categories?post=584"},{"taxonomy":"post_tag","embeddable":true,"href":"http:\/\/colegio9urquiza.edu.ar\/blog\/wp-json\/wp\/v2\/tags?post=584"}],"curies":[{"name":"wp","href":"https:\/\/api.w.org\/{rel}","templated":true}]}}