{"id":583,"date":"2011-09-25T05:17:00","date_gmt":"2011-09-25T05:17:00","guid":{"rendered":"http:\/\/colegio9urquiza.edu.ar\/blog\/inscripcion-para-primer-ano-ano-2012\/"},"modified":"2011-09-25T05:17:00","modified_gmt":"2011-09-25T05:17:00","slug":"inscripcion-para-primer-ano-ano-2012","status":"publish","type":"post","link":"http:\/\/colegio9urquiza.edu.ar\/blog\/inscripcion-para-primer-ano-ano-2012\/","title":{"rendered":"Inscripci\u00f3n para primer a\u00f1o (A\u00f1o 2012)"},"content":{"rendered":"<p><a href=\"http:\/\/www.clafoti.com\/people3\/ani-book.gif\"><img decoding=\"async\" style=\"float:left; margin:0 10px 10px 0;cursor:pointer; cursor:hand;width: 81px; height: 86px;\" src=\"http:\/\/www.clafoti.com\/people3\/ani-book.gif\" border=\"0\" alt=\"\" \/><\/a><\/p>\n<div><span><b>Hola a todos&#8230;.<\/b><\/span><\/div>\n<div><b><span><br \/><\/span><\/b><\/div>\n<div><b><span>Les informamos a  los padres, tutores o encargados que a\u00fan no hayan anotado a su hijo\/a en la escuela de <\/span><span>la <\/span><\/b><b><span> inscripci\u00f3n complementaria.<\/span><span> Podr\u00e1n inscribir a sus hijos en este segundo llamado del 03 al 07 de Octubre (tanto para alumnos de escuelas primarias del distrito escolar 12 como as\u00ed tambi\u00e9n para alumnos pertenecientes a escuelas de otros distritos).<\/span><\/b><\/div>\n<div><b><span><br \/><\/span><\/b><\/div>\n<div><b><span><br \/><\/span><\/b><\/div>\n<div><b><span>El horario de atenci\u00f3n de secretar\u00eda ser\u00e1 de 14 a 16 horas.<\/span><\/b><\/div>\n<div><b><span><br \/><\/span><\/b><\/div>\n<div><b><span>Les detallamos la documentaci\u00f3n obligatoria que se debe presentar:<\/span><\/b><\/div>\n<div><b><span><br \/><\/span><\/b><\/div>\n<div><b><span>1)Partida de nacimiento: original y fotocopia.<\/span><\/b><\/div>\n<div><b><span>2) DNI o documento del pa\u00eds de origen. Si es extranjero (original y fotocopia)<\/span><\/b><\/div>\n<div><b><span>3) DNI o documento del pa\u00eds de origen si es extranjero del padre \/madre \/tutor (original y fotocopia)<\/span><\/b><\/div>\n<div><b><span>4) Certificado de vacunas actualizado (original y fotocopia)<\/span><\/b><\/div>\n<div><b><span>5) Libreta de salud escolar actualizada. Lose (original y fotocopia)<\/span><\/b><\/div>\n<div><b><span>6) Constancia de alumno regular de 7\u00ba grado con destino para el colegio N \u00ba 9  DE\u00ba 12  &#8216;Justo Jos\u00e9 de Urquiza&#8217;.<\/span><\/b><\/div>\n<div><b><span><br \/><\/span><\/b><\/div>\n<div><b><span>Aviso Importante:<\/span><\/b><\/div>\n<div><b><span><br \/><\/span><\/b><\/div>\n<div><b><span>Los alumnos que cumplen 16 a\u00f1os durante el a\u00f1o 2012 deber\u00e1n realizar el tr\u00e1mite por vacante en el turno noche (resoluci\u00f3n N\u00ba 4776 \/06 art 30 inc 2)<\/span><\/b><\/div>\n<div><b><span><br \/><\/span><\/b><\/div>\n<div><b><span>Saludos cordiales a todos los seguidores del blog&#8230;<\/span><\/b><\/div>\n<div><b><span><br \/><\/span><\/b><\/div>\n<div><b><span>Los que hacemos el Urquiza  &#8216;on line.&#8217;<\/span><\/b><\/div>\n<div><\/div>\n","protected":false},"excerpt":{"rendered":"<p>Hola a todos&#8230;. Les informamos a los padres, tutores o encargados que a\u00fan no hayan anotado a su hijo\/a en la escuela de la inscripci\u00f3n complementaria. Podr\u00e1n inscribir a sus hijos en este segundo llamado del 03 al 07 de Octubre (tanto para alumnos de escuelas primarias del distrito escolar 12 como as\u00ed tambi\u00e9n para &hellip; <a href=\"http:\/\/colegio9urquiza.edu.ar\/blog\/inscripcion-para-primer-ano-ano-2012\/\" class=\"more-link\">Sigue leyendo <span class=\"screen-reader-text\">Inscripci\u00f3n para primer a\u00f1o (A\u00f1o 2012)<\/span><\/a><\/p>\n","protected":false},"author":2,"featured_media":0,"comment_status":"open","ping_status":"open","sticky":false,"template":"","format":"standard","meta":[],"categories":[1],"tags":[],"_links":{"self":[{"href":"http:\/\/colegio9urquiza.edu.ar\/blog\/wp-json\/wp\/v2\/posts\/583"}],"collection":[{"href":"http:\/\/colegio9urquiza.edu.ar\/blog\/wp-json\/wp\/v2\/posts"}],"about":[{"href":"http:\/\/colegio9urquiza.edu.ar\/blog\/wp-json\/wp\/v2\/types\/post"}],"author":[{"embeddable":true,"href":"http:\/\/colegio9urquiza.edu.ar\/blog\/wp-json\/wp\/v2\/users\/2"}],"replies":[{"embeddable":true,"href":"http:\/\/colegio9urquiza.edu.ar\/blog\/wp-json\/wp\/v2\/comments?post=583"}],"version-history":[{"count":0,"href":"http:\/\/colegio9urquiza.edu.ar\/blog\/wp-json\/wp\/v2\/posts\/583\/revisions"}],"wp:attachment":[{"href":"http:\/\/colegio9urquiza.edu.ar\/blog\/wp-json\/wp\/v2\/media?parent=583"}],"wp:term":[{"taxonomy":"category","embeddable":true,"href":"http:\/\/colegio9urquiza.edu.ar\/blog\/wp-json\/wp\/v2\/categories?post=583"},{"taxonomy":"post_tag","embeddable":true,"href":"http:\/\/colegio9urquiza.edu.ar\/blog\/wp-json\/wp\/v2\/tags?post=583"}],"curies":[{"name":"wp","href":"https:\/\/api.w.org\/{rel}","templated":true}]}}