{"id":580,"date":"2011-10-19T02:53:00","date_gmt":"2011-10-19T02:53:00","guid":{"rendered":"http:\/\/colegio9urquiza.edu.ar\/blog\/cronograma-definitivo-paro-19-y-20-de-octubre\/"},"modified":"2011-10-19T02:53:00","modified_gmt":"2011-10-19T02:53:00","slug":"cronograma-definitivo-paro-19-y-20-de-octubre","status":"publish","type":"post","link":"http:\/\/colegio9urquiza.edu.ar\/blog\/cronograma-definitivo-paro-19-y-20-de-octubre\/","title":{"rendered":"Cronograma definitivo (paro 19 y 20 de octubre)"},"content":{"rendered":"<p><a href=\"http:\/\/www.clafoti.com\/dictionary\/n\/n_next_page.gif\"><img decoding=\"async\" style=\"float:left; margin:0 10px 10px 0;cursor:pointer; cursor:hand;width: 68px; height: 52px;\" src=\"http:\/\/www.clafoti.com\/dictionary\/n\/n_next_page.gif\" border=\"0\" alt=\"\" \/><\/a><i><b><span>\u00a1Hola otra vez&#8230;.!<br \/>En la publicaci\u00f3n anterior hab\u00edamos dejado el cronograma para los turnos ma\u00f1ana y tarde&#8230;\u00a1No es que nos olvidamos del turno noche&#8230;.! Los que hacemos el blog estuvimos en la escuela hasta tarde y tanto la vicerrectora Sandra Ojeda, la ayudante de tareas pr\u00e1cticas Estela Gimenez y la jefa de preceptores Mirtha estuvieron llamando a los profes hasta \u00faltima hora para saber quien se plegaba al paro docente&#8230;.Conclusi\u00f3n: les dejamos el cronograma de actividades definitivo para los d\u00edas mi\u00e9rcoles 19 y jueves 20 de octubre (los tres turnos).<\/span><\/b><\/i><\/p>\n<div><i><b><span><br \/><\/span><\/b><\/i><\/div>\n<div><i><b><span>Visualizar el cronograma paro 19 y 20: <a href=\"http:\/\/www.metaeducar.org\/urquiza\/web2\/proyectos\/paro3.htm\">aqu\u00ed&#8230;.<\/a><\/span><\/b><\/i><\/div>\n<div><i><b><span>Descargar en formato Excel: <a href=\"http:\/\/www.metaeducar.org\/urquiza\/web2\/proyectos\/parodivisiones2.xls\">aqu\u00ed&#8230;.<\/a><\/span><\/b><\/i><\/div>\n<div><span><b><i>\u00bfLo prefiere en formato word?   \ud83d\ude42  <a href=\"http:\/\/www.metaeducar.org\/urquiza\/web2\/proyectos\/paro4.doc\"> aqu\u00ed&#8230;<\/a><\/i><\/b><\/span><\/div>\n<div><span><b><i><br \/><\/i><\/b><\/span><\/div>\n<div><i><b><span>Saludos cordiales a todos!<\/span><\/b><\/i><\/div>\n<div><i><b><span><br \/><\/span><\/b><\/i><\/div>\n<div><i><b><span>Los que hacemos el Urquiza  &#8216;on line.&#8217;<\/span><\/b><\/i><\/div>\n","protected":false},"excerpt":{"rendered":"<p>\u00a1Hola otra vez&#8230;.!En la publicaci\u00f3n anterior hab\u00edamos dejado el cronograma para los turnos ma\u00f1ana y tarde&#8230;\u00a1No es que nos olvidamos del turno noche&#8230;.! Los que hacemos el blog estuvimos en la escuela hasta tarde y tanto la vicerrectora Sandra Ojeda, la ayudante de tareas pr\u00e1cticas Estela Gimenez y la jefa de preceptores Mirtha estuvieron llamando &hellip; <a href=\"http:\/\/colegio9urquiza.edu.ar\/blog\/cronograma-definitivo-paro-19-y-20-de-octubre\/\" class=\"more-link\">Sigue leyendo <span class=\"screen-reader-text\">Cronograma definitivo (paro 19 y 20 de octubre)<\/span><\/a><\/p>\n","protected":false},"author":2,"featured_media":0,"comment_status":"open","ping_status":"open","sticky":false,"template":"","format":"standard","meta":[],"categories":[1],"tags":[],"_links":{"self":[{"href":"http:\/\/colegio9urquiza.edu.ar\/blog\/wp-json\/wp\/v2\/posts\/580"}],"collection":[{"href":"http:\/\/colegio9urquiza.edu.ar\/blog\/wp-json\/wp\/v2\/posts"}],"about":[{"href":"http:\/\/colegio9urquiza.edu.ar\/blog\/wp-json\/wp\/v2\/types\/post"}],"author":[{"embeddable":true,"href":"http:\/\/colegio9urquiza.edu.ar\/blog\/wp-json\/wp\/v2\/users\/2"}],"replies":[{"embeddable":true,"href":"http:\/\/colegio9urquiza.edu.ar\/blog\/wp-json\/wp\/v2\/comments?post=580"}],"version-history":[{"count":0,"href":"http:\/\/colegio9urquiza.edu.ar\/blog\/wp-json\/wp\/v2\/posts\/580\/revisions"}],"wp:attachment":[{"href":"http:\/\/colegio9urquiza.edu.ar\/blog\/wp-json\/wp\/v2\/media?parent=580"}],"wp:term":[{"taxonomy":"category","embeddable":true,"href":"http:\/\/colegio9urquiza.edu.ar\/blog\/wp-json\/wp\/v2\/categories?post=580"},{"taxonomy":"post_tag","embeddable":true,"href":"http:\/\/colegio9urquiza.edu.ar\/blog\/wp-json\/wp\/v2\/tags?post=580"}],"curies":[{"name":"wp","href":"https:\/\/api.w.org\/{rel}","templated":true}]}}