{"id":567,"date":"2011-12-07T03:07:00","date_gmt":"2011-12-07T03:07:00","guid":{"rendered":"http:\/\/colegio9urquiza.edu.ar\/blog\/informacion-importante-sobre-las-netbooks\/"},"modified":"2011-12-07T03:07:00","modified_gmt":"2011-12-07T03:07:00","slug":"informacion-importante-sobre-las-netbooks","status":"publish","type":"post","link":"http:\/\/colegio9urquiza.edu.ar\/blog\/informacion-importante-sobre-las-netbooks\/","title":{"rendered":"Informaci\u00f3n importante sobre las netbooks"},"content":{"rendered":"<p><a href=\"http:\/\/www.clafoti.com\/dictionary\/P\/pc_noteboob.gif\"><img decoding=\"async\" style=\"float:left; margin:0 10px 10px 0;cursor:pointer; cursor:hand;width: 120px; height: 95px;\" src=\"http:\/\/www.clafoti.com\/dictionary\/P\/pc_noteboob.gif\" border=\"0\" alt=\"\" \/><\/a><\/p>\n<div><span><b>Desbloqueo de netbooks de diciembre: <\/b><\/span><\/div>\n<div><span><b><br \/><\/b><\/span><\/div>\n<div><b><span>S\u00f3lo aquellos que tengan la netbook bloqueada deber\u00e1n dirigirse a la escuela los d\u00edas siguientes:<\/span><\/b><\/div>\n<div><b><span><br \/><\/span><\/b><\/div>\n<div><b><span>Turno Noche: Jueves 15\/12 de 19.00 a 21.00 hs.<\/span><\/b><\/div>\n<div><b><span>Turno Ma\u00f1ana y Turno Tarde: Viernes 16\/12 de 9.00 a 12.30 hs y 13.00 a 17.30 hs.<\/span><\/b><\/div>\n<div><b><span><br \/><\/span><\/b><\/div>\n<div><b><span>Alumnos de 5tos a\u00f1os:<\/span><\/b><\/div>\n<div><b><span><br \/><\/span><\/b><\/div>\n<div><b><span>El alumno de 5to recibe la netbook en propiedad s\u00f3lo si no debe asignaturas previas hasta las fechas de los ex\u00e1menes de marzo del 2012.<\/span><\/b><\/div>\n<div><b><span>Documentaci\u00f3n necesaria: documento del responsable, documento de cesi\u00f3n firmado por el responsable (por duplicado, disponible en fotocopiadora del colegio), fotocopia de cuil, y del documento (tanto del responsable como del alumno) y la netbook.<\/span><\/b><\/div>\n<div><b><span><br \/><\/span><\/b><\/div>\n<div><b><span>Cronograma:<\/span><\/b><\/div>\n<div><b><span><br \/><\/span><\/b><\/div>\n<div><b><span>Debe presentarse la misma persona que firm\u00f3 el comodato con la netbook.<\/span><\/b><\/div>\n<div><b><span><br \/><\/span><\/b><\/div>\n<div><b><span>Caso 1: Alumno que no adeuda asignatura al 12\/12;<\/span><\/b><\/div>\n<div><b><span>Mi\u00e9rcoles 14\/12\/2011 de 9 a 17 y de 20 a 22.<\/span><\/b><\/div>\n<div><b><span><br \/><\/span><\/b><\/div>\n<div><b><span>Caso 2: Alumno que completa curso en fechas de diciembre; <\/span><\/b><\/div>\n<div><b><span>Mi\u00e9rcoles 15\/02\/2011 de 9 a 17 y de 20 a 22.<\/span><\/b><\/div>\n<div><b><span><br \/><\/span><\/b><\/div>\n<div><b><span>Caso 3: Alumno que completa curso marzo; <\/span><\/b><\/div>\n<div><b><span>Mi\u00e9rcoles 11\/04\/2011 de 9 a 17 y de 20 a 22.<\/span><\/b><\/div>\n<div><b><span><br \/><\/span><\/b><\/div>\n<div><b><span>ATENCI\u00d3N: El alumno que no egresara efectivamente debe devolver la netbook.<\/span><\/b><\/div>\n<div><b><span><br \/><\/span><\/b><\/div>\n<div><b><span>Saludos cordiales a todos&#8230;<\/span><\/b><\/div>\n<div><b><span><br \/><\/span><\/b><\/div>\n<div><b><span>Los que hacemos el Urquiza &#8216;on line.&#8217;<\/span><\/b><\/div>\n","protected":false},"excerpt":{"rendered":"<p>Desbloqueo de netbooks de diciembre: S\u00f3lo aquellos que tengan la netbook bloqueada deber\u00e1n dirigirse a la escuela los d\u00edas siguientes: Turno Noche: Jueves 15\/12 de 19.00 a 21.00 hs. Turno Ma\u00f1ana y Turno Tarde: Viernes 16\/12 de 9.00 a 12.30 hs y 13.00 a 17.30 hs. Alumnos de 5tos a\u00f1os: El alumno de 5to recibe &hellip; <a href=\"http:\/\/colegio9urquiza.edu.ar\/blog\/informacion-importante-sobre-las-netbooks\/\" class=\"more-link\">Sigue leyendo <span class=\"screen-reader-text\">Informaci\u00f3n importante sobre las netbooks<\/span><\/a><\/p>\n","protected":false},"author":2,"featured_media":0,"comment_status":"open","ping_status":"open","sticky":false,"template":"","format":"standard","meta":[],"categories":[1],"tags":[],"_links":{"self":[{"href":"http:\/\/colegio9urquiza.edu.ar\/blog\/wp-json\/wp\/v2\/posts\/567"}],"collection":[{"href":"http:\/\/colegio9urquiza.edu.ar\/blog\/wp-json\/wp\/v2\/posts"}],"about":[{"href":"http:\/\/colegio9urquiza.edu.ar\/blog\/wp-json\/wp\/v2\/types\/post"}],"author":[{"embeddable":true,"href":"http:\/\/colegio9urquiza.edu.ar\/blog\/wp-json\/wp\/v2\/users\/2"}],"replies":[{"embeddable":true,"href":"http:\/\/colegio9urquiza.edu.ar\/blog\/wp-json\/wp\/v2\/comments?post=567"}],"version-history":[{"count":0,"href":"http:\/\/colegio9urquiza.edu.ar\/blog\/wp-json\/wp\/v2\/posts\/567\/revisions"}],"wp:attachment":[{"href":"http:\/\/colegio9urquiza.edu.ar\/blog\/wp-json\/wp\/v2\/media?parent=567"}],"wp:term":[{"taxonomy":"category","embeddable":true,"href":"http:\/\/colegio9urquiza.edu.ar\/blog\/wp-json\/wp\/v2\/categories?post=567"},{"taxonomy":"post_tag","embeddable":true,"href":"http:\/\/colegio9urquiza.edu.ar\/blog\/wp-json\/wp\/v2\/tags?post=567"}],"curies":[{"name":"wp","href":"https:\/\/api.w.org\/{rel}","templated":true}]}}