{"id":555,"date":"2012-05-03T10:28:00","date_gmt":"2012-05-03T10:28:00","guid":{"rendered":"http:\/\/colegio9urquiza.edu.ar\/blog\/mas-novedades-sobre-las-netbooks\/"},"modified":"2012-05-03T10:28:00","modified_gmt":"2012-05-03T10:28:00","slug":"mas-novedades-sobre-las-netbooks","status":"publish","type":"post","link":"http:\/\/colegio9urquiza.edu.ar\/blog\/mas-novedades-sobre-las-netbooks\/","title":{"rendered":"M\u00e1s novedades sobre las netbooks"},"content":{"rendered":"<p><span style=\"color: #8e7cc3; font-family: Verdana, sans-serif;\"><b><i>\u00a1Hola gente!<\/i><\/b><\/span><br \/><span style=\"color: #8e7cc3; font-family: Verdana, sans-serif;\"><b><i><br \/><\/i><\/b><\/span><br \/><a href=\"http:\/\/www.clafoti.com\/DICTIONARY\/C\/C_CHECKMARK_.gif\" style=\"clear: left; float: left; margin-bottom: 1em; margin-right: 1em;\"><img decoding=\"async\" border=\"0\" src=\"http:\/\/www.clafoti.com\/DICTIONARY\/C\/C_CHECKMARK_.gif\" \/><\/a><span style=\"color: #8e7cc3; font-family: Verdana, sans-serif;\"><b><i>Nos hacen llegar desde secretar\u00eda noticias sobre la cesi\u00f3n de netbooks a alumnos de quinto a\u00f1o que hayan terminado sus estudios en el ciclo 2011 \/ 2012.<\/i><\/b><\/span><br \/><span style=\"color: #8e7cc3; font-family: Verdana, sans-serif;\"><b><i>La nueva fecha de cesi\u00f3n es el mi\u00e9rcoles 9 de mayo.<\/i><\/b><\/span><br \/><span style=\"color: #8e7cc3; font-family: Verdana, sans-serif;\"><b><i><br \/><\/i><\/b><\/span><br \/><span style=\"color: #8e7cc3; font-family: Verdana, sans-serif;\"><b><i>Horarios de atenci\u00f3n:&nbsp;<\/i><\/b><\/span><br \/><span style=\"color: #8e7cc3; font-family: Verdana, sans-serif;\"><b><i>DE 9 A 11 (Silvia)<\/i><\/b><\/span><br \/><span style=\"color: #8e7cc3; font-family: Verdana, sans-serif;\"><b><i>DE 14 A 16 (Bibiana)<\/i><\/b><\/span><br \/><span style=\"color: #8e7cc3; font-family: Verdana, sans-serif;\"><b><i>DE 19 A 21 (Carolina)<\/i><\/b><\/span><br \/><span style=\"color: #8e7cc3; font-family: Verdana, sans-serif;\"><b><i>Presentarse en el turno que corresponda con el contrato de cesi\u00f3n por duplicado, la netbook cargada y sin contrase\u00f1as.<\/i><\/b><\/span><br \/><span style=\"color: #8e7cc3; font-family: Verdana, sans-serif;\"><b><i><br \/><\/i><\/b><\/span><br \/><span style=\"color: #8e7cc3; font-family: Verdana, sans-serif;\"><b><i>Saludos cordiales&#8230;<\/i><\/b><\/span><br \/><span style=\"color: #8e7cc3; font-family: Verdana, sans-serif;\"><b><i>Los que hacemos el Urquiza &#8216;on line.&#8217;<\/i><\/b><\/span><\/p>\n","protected":false},"excerpt":{"rendered":"<p>\u00a1Hola gente!Nos hacen llegar desde secretar\u00eda noticias sobre la cesi\u00f3n de netbooks a alumnos de quinto a\u00f1o que hayan terminado sus estudios en el ciclo 2011 \/ 2012.La nueva fecha de cesi\u00f3n es el mi\u00e9rcoles 9 de mayo.Horarios de atenci\u00f3n:&nbsp;DE 9 A 11 (Silvia)DE 14 A 16 (Bibiana)DE 19 A 21 (Carolina)Presentarse en el turno &hellip; <a href=\"http:\/\/colegio9urquiza.edu.ar\/blog\/mas-novedades-sobre-las-netbooks\/\" class=\"more-link\">Sigue leyendo <span class=\"screen-reader-text\">M\u00e1s novedades sobre las netbooks<\/span><\/a><\/p>\n","protected":false},"author":2,"featured_media":0,"comment_status":"open","ping_status":"open","sticky":false,"template":"","format":"standard","meta":[],"categories":[1],"tags":[],"_links":{"self":[{"href":"http:\/\/colegio9urquiza.edu.ar\/blog\/wp-json\/wp\/v2\/posts\/555"}],"collection":[{"href":"http:\/\/colegio9urquiza.edu.ar\/blog\/wp-json\/wp\/v2\/posts"}],"about":[{"href":"http:\/\/colegio9urquiza.edu.ar\/blog\/wp-json\/wp\/v2\/types\/post"}],"author":[{"embeddable":true,"href":"http:\/\/colegio9urquiza.edu.ar\/blog\/wp-json\/wp\/v2\/users\/2"}],"replies":[{"embeddable":true,"href":"http:\/\/colegio9urquiza.edu.ar\/blog\/wp-json\/wp\/v2\/comments?post=555"}],"version-history":[{"count":0,"href":"http:\/\/colegio9urquiza.edu.ar\/blog\/wp-json\/wp\/v2\/posts\/555\/revisions"}],"wp:attachment":[{"href":"http:\/\/colegio9urquiza.edu.ar\/blog\/wp-json\/wp\/v2\/media?parent=555"}],"wp:term":[{"taxonomy":"category","embeddable":true,"href":"http:\/\/colegio9urquiza.edu.ar\/blog\/wp-json\/wp\/v2\/categories?post=555"},{"taxonomy":"post_tag","embeddable":true,"href":"http:\/\/colegio9urquiza.edu.ar\/blog\/wp-json\/wp\/v2\/tags?post=555"}],"curies":[{"name":"wp","href":"https:\/\/api.w.org\/{rel}","templated":true}]}}