{"id":543,"date":"2012-09-17T03:58:00","date_gmt":"2012-09-17T03:58:00","guid":{"rendered":"http:\/\/colegio9urquiza.edu.ar\/blog\/taller-de-produccion-multimedia\/"},"modified":"2012-09-17T03:58:00","modified_gmt":"2012-09-17T03:58:00","slug":"taller-de-produccion-multimedia","status":"publish","type":"post","link":"http:\/\/colegio9urquiza.edu.ar\/blog\/taller-de-produccion-multimedia\/","title":{"rendered":"Taller de producci\u00f3n multimedia"},"content":{"rendered":"<p><b><span style=\"color: #073763;\">\u00a1Hola gente!<\/span><\/b><br \/><b><span style=\"color: #073763;\"><br \/><\/span><\/b><\/p>\n<div style=\"clear: both; text-align: center;\"><a href=\"http:\/\/www.clafoti.com\/dictionary\/P\/pc_cd.gif\" style=\"clear: left; float: left; margin-bottom: 1em; margin-right: 1em;\"><img decoding=\"async\" border=\"0\" src=\"http:\/\/www.clafoti.com\/dictionary\/P\/pc_cd.gif\" \/><\/a><\/div>\n<p><b><span style=\"color: #073763;\">Les informamos que ya est\u00e1 funcionando en el Urquiza el<\/span><span style=\"font-family: Georgia, Times New Roman, serif;\"> <span style=\"color: #134f5c;\">taller de producci\u00f3n multimedia<\/span><\/span><span style=\"color: #073763;\">&nbsp;(funciona todos los jueves de 12:10 a 13:30). Acercate e informate con Carolina Albano los d\u00edas martes de 13.30 a 17.40 y jueves de 9.00 a 13.30 \/ 14.45 a 16.20).<\/span><\/b><\/p>\n<p> <b><span style=\"color: #073763;\">Saludos cordiales a todos los seguidores del blog\u2026<\/span><\/b><br \/><b><span style=\"color: #073763;\"><br \/><\/span><\/b><b><span style=\"color: #073763;\">Los que hacemos el Urquiza \u2018on &nbsp;line.\u2019<\/span><\/b><\/p>\n<div><\/div>\n","protected":false},"excerpt":{"rendered":"<p>\u00a1Hola gente! Les informamos que ya est\u00e1 funcionando en el Urquiza el taller de producci\u00f3n multimedia&nbsp;(funciona todos los jueves de 12:10 a 13:30). Acercate e informate con Carolina Albano los d\u00edas martes de 13.30 a 17.40 y jueves de 9.00 a 13.30 \/ 14.45 a 16.20). Saludos cordiales a todos los seguidores del blog\u2026Los que &hellip; <a href=\"http:\/\/colegio9urquiza.edu.ar\/blog\/taller-de-produccion-multimedia\/\" class=\"more-link\">Sigue leyendo <span class=\"screen-reader-text\">Taller de producci\u00f3n multimedia<\/span><\/a><\/p>\n","protected":false},"author":2,"featured_media":0,"comment_status":"open","ping_status":"open","sticky":false,"template":"","format":"standard","meta":[],"categories":[1],"tags":[],"_links":{"self":[{"href":"http:\/\/colegio9urquiza.edu.ar\/blog\/wp-json\/wp\/v2\/posts\/543"}],"collection":[{"href":"http:\/\/colegio9urquiza.edu.ar\/blog\/wp-json\/wp\/v2\/posts"}],"about":[{"href":"http:\/\/colegio9urquiza.edu.ar\/blog\/wp-json\/wp\/v2\/types\/post"}],"author":[{"embeddable":true,"href":"http:\/\/colegio9urquiza.edu.ar\/blog\/wp-json\/wp\/v2\/users\/2"}],"replies":[{"embeddable":true,"href":"http:\/\/colegio9urquiza.edu.ar\/blog\/wp-json\/wp\/v2\/comments?post=543"}],"version-history":[{"count":0,"href":"http:\/\/colegio9urquiza.edu.ar\/blog\/wp-json\/wp\/v2\/posts\/543\/revisions"}],"wp:attachment":[{"href":"http:\/\/colegio9urquiza.edu.ar\/blog\/wp-json\/wp\/v2\/media?parent=543"}],"wp:term":[{"taxonomy":"category","embeddable":true,"href":"http:\/\/colegio9urquiza.edu.ar\/blog\/wp-json\/wp\/v2\/categories?post=543"},{"taxonomy":"post_tag","embeddable":true,"href":"http:\/\/colegio9urquiza.edu.ar\/blog\/wp-json\/wp\/v2\/tags?post=543"}],"curies":[{"name":"wp","href":"https:\/\/api.w.org\/{rel}","templated":true}]}}