{"id":542,"date":"2012-09-18T21:26:00","date_gmt":"2012-09-18T21:26:00","guid":{"rendered":"http:\/\/colegio9urquiza.edu.ar\/blog\/cambio-de-fecha-en-la-visita-a-la-plata\/"},"modified":"2012-09-18T21:26:00","modified_gmt":"2012-09-18T21:26:00","slug":"cambio-de-fecha-en-la-visita-a-la-plata","status":"publish","type":"post","link":"http:\/\/colegio9urquiza.edu.ar\/blog\/cambio-de-fecha-en-la-visita-a-la-plata\/","title":{"rendered":"Cambio de fecha en la visita a La Plata"},"content":{"rendered":"<p><b><span style=\"color: #134f5c;\">\u00a1Hola gente!<\/span><\/b><br \/><b><span style=\"color: #134f5c;\"><br \/><\/span><\/b><\/p>\n<div style=\"clear: both; text-align: center;\"><a href=\"http:\/\/www.clafoti.com\/DICTIONARY\/M\/M_mailbird.gif\" style=\"clear: left; float: left; margin-bottom: 1em; margin-right: 1em;\"><b><span style=\"color: #134f5c;\"><img decoding=\"async\" border=\"0\" src=\"http:\/\/www.clafoti.com\/DICTIONARY\/M\/M_mailbird.gif\" \/><\/span><\/b><\/a><\/div>\n<p><b><span style=\"color: #134f5c;\">Les informamos que la visita guiada de <\/span><span style=\"color: #351c75;\">los primeros a\u00f1os <\/span><span style=\"color: #134f5c;\">a la Ciudad de La Plata que deb\u00eda&nbsp;llevarse a cabo el dia 19 de septiembre, <\/span><span style=\"color: #20124d;\">se traslada al d\u00eda mi\u00e9rcoles 3 de octubre<\/span><span style=\"color: #134f5c;\">. La raz\u00f3n&nbsp;de este cambio de fecha se debe pura y exclusivamente al mal estado del tiempo.<\/span><\/b><br \/><b><span style=\"color: #134f5c;\"><br \/><\/span><\/b><b><span style=\"color: #134f5c;\">Saludos cordiales a todos los seguidores del blog&#8230;<\/span><\/b><br \/><b><span style=\"color: #134f5c;\"><br \/><\/span><\/b><b><span style=\"color: #134f5c;\">Los que hacemos el Urquiza &#8216;on line.&#8217;<\/span><\/b><\/p>\n","protected":false},"excerpt":{"rendered":"<p>\u00a1Hola gente! Les informamos que la visita guiada de los primeros a\u00f1os a la Ciudad de La Plata que deb\u00eda&nbsp;llevarse a cabo el dia 19 de septiembre, se traslada al d\u00eda mi\u00e9rcoles 3 de octubre. La raz\u00f3n&nbsp;de este cambio de fecha se debe pura y exclusivamente al mal estado del tiempo.Saludos cordiales a todos los &hellip; <a href=\"http:\/\/colegio9urquiza.edu.ar\/blog\/cambio-de-fecha-en-la-visita-a-la-plata\/\" class=\"more-link\">Sigue leyendo <span class=\"screen-reader-text\">Cambio de fecha en la visita a La Plata<\/span><\/a><\/p>\n","protected":false},"author":2,"featured_media":0,"comment_status":"open","ping_status":"open","sticky":false,"template":"","format":"standard","meta":[],"categories":[1],"tags":[],"_links":{"self":[{"href":"http:\/\/colegio9urquiza.edu.ar\/blog\/wp-json\/wp\/v2\/posts\/542"}],"collection":[{"href":"http:\/\/colegio9urquiza.edu.ar\/blog\/wp-json\/wp\/v2\/posts"}],"about":[{"href":"http:\/\/colegio9urquiza.edu.ar\/blog\/wp-json\/wp\/v2\/types\/post"}],"author":[{"embeddable":true,"href":"http:\/\/colegio9urquiza.edu.ar\/blog\/wp-json\/wp\/v2\/users\/2"}],"replies":[{"embeddable":true,"href":"http:\/\/colegio9urquiza.edu.ar\/blog\/wp-json\/wp\/v2\/comments?post=542"}],"version-history":[{"count":0,"href":"http:\/\/colegio9urquiza.edu.ar\/blog\/wp-json\/wp\/v2\/posts\/542\/revisions"}],"wp:attachment":[{"href":"http:\/\/colegio9urquiza.edu.ar\/blog\/wp-json\/wp\/v2\/media?parent=542"}],"wp:term":[{"taxonomy":"category","embeddable":true,"href":"http:\/\/colegio9urquiza.edu.ar\/blog\/wp-json\/wp\/v2\/categories?post=542"},{"taxonomy":"post_tag","embeddable":true,"href":"http:\/\/colegio9urquiza.edu.ar\/blog\/wp-json\/wp\/v2\/tags?post=542"}],"curies":[{"name":"wp","href":"https:\/\/api.w.org\/{rel}","templated":true}]}}