{"id":517,"date":"2012-12-13T15:05:00","date_gmt":"2012-12-13T15:05:00","guid":{"rendered":"http:\/\/colegio9urquiza.edu.ar\/blog\/plastica-2012-otro-video-para-compartir\/"},"modified":"2012-12-13T15:05:00","modified_gmt":"2012-12-13T15:05:00","slug":"plastica-2012-otro-video-para-compartir","status":"publish","type":"post","link":"http:\/\/colegio9urquiza.edu.ar\/blog\/plastica-2012-otro-video-para-compartir\/","title":{"rendered":"Pl\u00e1stica 2012: otro v\u00eddeo para compartir"},"content":{"rendered":"<p><b><span style=\"color: #073763;\">\u00a1Hola gente!<\/span><\/b><br \/><b><span style=\"color: #073763;\"><br \/><\/span><\/b><b><span style=\"color: #073763;\">En una producci\u00f3n m\u00e1s de la profesora Elisa Rezz\u00f3nico y sus alumnos, &nbsp;les hacemos llegar este material con trabajos del 2012. Se trata de un v\u00eddeo sobre el tema \u00bbm\u00e1ndalas\u00bb -diagramas o representaciones esquem\u00e1ticas y simb\u00f3licas-. En e<a href=\"http:\/\/www.urquizaflores.blogspot.com.ar\/2011\/12\/mas-producciones-de-plastica.html\">l siguiente enlace <\/a>&nbsp;podr\u00e1n encontrar el v\u00eddeo correspondiente al a\u00f1o pasado y la explicaci\u00f3n que nos diera la profe del tema. \u00a1Esperaremos la edici\u00f3n 2013!, Dios mediante&#8230;<\/span><\/b><br \/><b><span style=\"color: #073763;\"><br \/><\/span><\/b><b><span style=\"color: #073763;\"><br \/><\/span><\/b><\/p>\n<div style=\"text-align: center;\"><iframe loading=\"lazy\" allowfullscreen=\"allowfullscreen\" frameborder=\"0\" height=\"315\" src=\"http:\/\/www.youtube.com\/embed\/B8mGTnDmI8s \" width=\"420\"><\/iframe><b><span style=\"color: #073763;\"><\/span><\/b><\/div>\n<div style=\"text-align: center;\"><span style=\"color: #073763; font-weight: bold;\"><br \/><\/span><\/div>\n<div style=\"text-align: center;\"><\/div>\n<p><b><span style=\"color: #073763;\"><br \/><\/span><\/b><b><span style=\"color: #073763;\">Saludos cordiales a todos los seguidores del blog.<\/span><\/b><br \/><b><span style=\"color: #073763;\"><br \/><\/span><\/b><b><span style=\"color: #073763;\"><br \/><\/span><\/b><b><span style=\"color: #073763;\">Los que hacemos el Urquiza &#8216;on line.&#8217;<\/span><\/b><\/p>\n","protected":false},"excerpt":{"rendered":"<p>\u00a1Hola gente!En una producci\u00f3n m\u00e1s de la profesora Elisa Rezz\u00f3nico y sus alumnos, &nbsp;les hacemos llegar este material con trabajos del 2012. Se trata de un v\u00eddeo sobre el tema \u00bbm\u00e1ndalas\u00bb -diagramas o representaciones esquem\u00e1ticas y simb\u00f3licas-. En el siguiente enlace &nbsp;podr\u00e1n encontrar el v\u00eddeo correspondiente al a\u00f1o pasado y la explicaci\u00f3n que nos diera &hellip; <a href=\"http:\/\/colegio9urquiza.edu.ar\/blog\/plastica-2012-otro-video-para-compartir\/\" class=\"more-link\">Sigue leyendo <span class=\"screen-reader-text\">Pl\u00e1stica 2012: otro v\u00eddeo para compartir<\/span><\/a><\/p>\n","protected":false},"author":2,"featured_media":0,"comment_status":"open","ping_status":"open","sticky":false,"template":"","format":"standard","meta":[],"categories":[1],"tags":[],"_links":{"self":[{"href":"http:\/\/colegio9urquiza.edu.ar\/blog\/wp-json\/wp\/v2\/posts\/517"}],"collection":[{"href":"http:\/\/colegio9urquiza.edu.ar\/blog\/wp-json\/wp\/v2\/posts"}],"about":[{"href":"http:\/\/colegio9urquiza.edu.ar\/blog\/wp-json\/wp\/v2\/types\/post"}],"author":[{"embeddable":true,"href":"http:\/\/colegio9urquiza.edu.ar\/blog\/wp-json\/wp\/v2\/users\/2"}],"replies":[{"embeddable":true,"href":"http:\/\/colegio9urquiza.edu.ar\/blog\/wp-json\/wp\/v2\/comments?post=517"}],"version-history":[{"count":0,"href":"http:\/\/colegio9urquiza.edu.ar\/blog\/wp-json\/wp\/v2\/posts\/517\/revisions"}],"wp:attachment":[{"href":"http:\/\/colegio9urquiza.edu.ar\/blog\/wp-json\/wp\/v2\/media?parent=517"}],"wp:term":[{"taxonomy":"category","embeddable":true,"href":"http:\/\/colegio9urquiza.edu.ar\/blog\/wp-json\/wp\/v2\/categories?post=517"},{"taxonomy":"post_tag","embeddable":true,"href":"http:\/\/colegio9urquiza.edu.ar\/blog\/wp-json\/wp\/v2\/tags?post=517"}],"curies":[{"name":"wp","href":"https:\/\/api.w.org\/{rel}","templated":true}]}}