{"id":515,"date":"2012-12-19T11:18:00","date_gmt":"2012-12-19T11:18:00","guid":{"rendered":"http:\/\/colegio9urquiza.edu.ar\/blog\/atencion-alumnos-y-profesores\/"},"modified":"2012-12-19T11:18:00","modified_gmt":"2012-12-19T11:18:00","slug":"atencion-alumnos-y-profesores","status":"publish","type":"post","link":"http:\/\/colegio9urquiza.edu.ar\/blog\/atencion-alumnos-y-profesores\/","title":{"rendered":"Atenci\u00f3n alumnos y profesores&#8230;."},"content":{"rendered":"<p><\/p>\n<div style=\"clear: both; text-align: center;\"><a href=\"http:\/\/www.clafoti.com\/DICTIONARY\/C\/C_CHECKMARK_.gif\" style=\"clear: left; float: left; margin-bottom: 1em; margin-right: 1em;\"><b><span style=\"color: #0c343d;\"><img decoding=\"async\" border=\"0\" src=\"http:\/\/www.clafoti.com\/DICTIONARY\/C\/C_CHECKMARK_.gif\" \/><\/span><\/b><\/a><\/div>\n<p><b><span style=\"color: #0c343d;\">Nos informan desde rector\u00eda que el per\u00edodo de evaluaci\u00f3n marzo\/ marzo se retomar\u00e1 el 18 de febrero de 2013. En breve estar\u00e1 disponible un cronograma completo con la reanudaci\u00f3n de las actividades y lo publicaremos en el blog como es habitual.<\/span><\/b><br \/><b><span style=\"color: #0c343d;\"><br \/><\/span><\/b><b><span style=\"color: #0c343d;\">Saludos cordiales a todos.<\/span><\/b><br \/><b><span style=\"color: #0c343d;\"><br \/><\/span><\/b><b><span style=\"color: #0c343d;\">Los que hacemos el Urquiza &#8216;on line.&#8217;<\/span><\/b><\/p>\n","protected":false},"excerpt":{"rendered":"<p>Nos informan desde rector\u00eda que el per\u00edodo de evaluaci\u00f3n marzo\/ marzo se retomar\u00e1 el 18 de febrero de 2013. En breve estar\u00e1 disponible un cronograma completo con la reanudaci\u00f3n de las actividades y lo publicaremos en el blog como es habitual.Saludos cordiales a todos.Los que hacemos el Urquiza &#8216;on line.&#8217;<\/p>\n","protected":false},"author":2,"featured_media":0,"comment_status":"open","ping_status":"open","sticky":false,"template":"","format":"standard","meta":[],"categories":[1],"tags":[],"_links":{"self":[{"href":"http:\/\/colegio9urquiza.edu.ar\/blog\/wp-json\/wp\/v2\/posts\/515"}],"collection":[{"href":"http:\/\/colegio9urquiza.edu.ar\/blog\/wp-json\/wp\/v2\/posts"}],"about":[{"href":"http:\/\/colegio9urquiza.edu.ar\/blog\/wp-json\/wp\/v2\/types\/post"}],"author":[{"embeddable":true,"href":"http:\/\/colegio9urquiza.edu.ar\/blog\/wp-json\/wp\/v2\/users\/2"}],"replies":[{"embeddable":true,"href":"http:\/\/colegio9urquiza.edu.ar\/blog\/wp-json\/wp\/v2\/comments?post=515"}],"version-history":[{"count":0,"href":"http:\/\/colegio9urquiza.edu.ar\/blog\/wp-json\/wp\/v2\/posts\/515\/revisions"}],"wp:attachment":[{"href":"http:\/\/colegio9urquiza.edu.ar\/blog\/wp-json\/wp\/v2\/media?parent=515"}],"wp:term":[{"taxonomy":"category","embeddable":true,"href":"http:\/\/colegio9urquiza.edu.ar\/blog\/wp-json\/wp\/v2\/categories?post=515"},{"taxonomy":"post_tag","embeddable":true,"href":"http:\/\/colegio9urquiza.edu.ar\/blog\/wp-json\/wp\/v2\/tags?post=515"}],"curies":[{"name":"wp","href":"https:\/\/api.w.org\/{rel}","templated":true}]}}