{"id":512,"date":"2012-12-22T00:06:00","date_gmt":"2012-12-22T00:06:00","guid":{"rendered":"http:\/\/colegio9urquiza.edu.ar\/blog\/saludos-desde-rectoria-2\/"},"modified":"2012-12-22T00:06:00","modified_gmt":"2012-12-22T00:06:00","slug":"saludos-desde-rectoria-2","status":"publish","type":"post","link":"http:\/\/colegio9urquiza.edu.ar\/blog\/saludos-desde-rectoria-2\/","title":{"rendered":"Saludos desde rector\u00eda&#8230;.."},"content":{"rendered":"<div style=\"clear: both; text-align: center;\"><a href=\"http:\/\/www.clafoti.com\/saludos\/xmasstreeWHT.gif\" style=\"clear: left; float: left; margin-bottom: 1em; margin-right: 1em;\"><img decoding=\"async\" border=\"0\" src=\"http:\/\/www.clafoti.com\/saludos\/xmasstreeWHT.gif\" \/><\/a><\/div>\n<p><b><i><span style=\"color: #0c343d;\">Comunidad Educativa del Colegio Urquiza<\/span><\/i><\/b><br \/><b><i><span style=\"color: #0c343d;\"><br \/><\/span><\/i><\/b><b><i><span style=\"color: #0c343d;\">A mis queridos alumnos desde el cari\u00f1o profundo del que son merecedores les deseo felices vacaciones. A aquellos que a\u00fan deban promocionar el a\u00f1o les recuerdo que en nuestra escuela siempre hay gente dispuesta a ayudarlos \u00a1no dejar caer sus brazos! ac\u00e1 estaremos esper\u00e1ndolos el 18 de febrero del 2013.<\/span><\/i><\/b><br \/><b><i><span style=\"color: #0c343d;\"><br \/><\/span><\/i><\/b><b><i><span style=\"color: #0c343d;\">A mis queridos colegas preceptores profesores, auxiliares les agradezco nuevamente la tarea diaria y aunque se que los d\u00edas de vacaciones no son suficientes para el descanso que necesitamos, disfruten de ellos y piensen que lo maravilloso de nuestra profesi\u00f3n es justamente eso de no permitirnos la inercia.<\/span><\/i><\/b><br \/><b><i><span style=\"color: #0c343d;\"><br \/><\/span><\/i><\/b><b><i><span style=\"color: #0c343d;\">A las familias les deseo un a\u00f1o pr\u00f3spero con menos dificultades y que les permita estar cerca de sus hijos acompa\u00f1\u00e1ndolos en su vida.&nbsp;<\/span><\/i><\/b><br \/><b><i><span style=\"color: #0c343d;\"><br \/><\/span><\/i><\/b><b><i><span style=\"color: #0c343d;\"><br \/><\/span><\/i><\/b><b><i><span style=\"color: #0c343d;\">FELICES FIESTAS Y MUY FELIZ 2013<\/span><\/i><\/b><br \/><b><i><span style=\"color: #0c343d;\"><br \/><\/span><\/i><\/b><b><i><span style=\"color: #0c343d;\">Claudia &nbsp;Viola<\/span><\/i><\/b><br \/><b><i><span style=\"color: #0c343d;\">rectora &nbsp;<\/span><\/i><\/b><\/p>\n","protected":false},"excerpt":{"rendered":"<p>Comunidad Educativa del Colegio UrquizaA mis queridos alumnos desde el cari\u00f1o profundo del que son merecedores les deseo felices vacaciones. A aquellos que a\u00fan deban promocionar el a\u00f1o les recuerdo que en nuestra escuela siempre hay gente dispuesta a ayudarlos \u00a1no dejar caer sus brazos! ac\u00e1 estaremos esper\u00e1ndolos el 18 de febrero del 2013.A mis &hellip; <a href=\"http:\/\/colegio9urquiza.edu.ar\/blog\/saludos-desde-rectoria-2\/\" class=\"more-link\">Sigue leyendo <span class=\"screen-reader-text\">Saludos desde rector\u00eda&#8230;..<\/span><\/a><\/p>\n","protected":false},"author":2,"featured_media":0,"comment_status":"open","ping_status":"open","sticky":false,"template":"","format":"standard","meta":[],"categories":[1],"tags":[],"_links":{"self":[{"href":"http:\/\/colegio9urquiza.edu.ar\/blog\/wp-json\/wp\/v2\/posts\/512"}],"collection":[{"href":"http:\/\/colegio9urquiza.edu.ar\/blog\/wp-json\/wp\/v2\/posts"}],"about":[{"href":"http:\/\/colegio9urquiza.edu.ar\/blog\/wp-json\/wp\/v2\/types\/post"}],"author":[{"embeddable":true,"href":"http:\/\/colegio9urquiza.edu.ar\/blog\/wp-json\/wp\/v2\/users\/2"}],"replies":[{"embeddable":true,"href":"http:\/\/colegio9urquiza.edu.ar\/blog\/wp-json\/wp\/v2\/comments?post=512"}],"version-history":[{"count":0,"href":"http:\/\/colegio9urquiza.edu.ar\/blog\/wp-json\/wp\/v2\/posts\/512\/revisions"}],"wp:attachment":[{"href":"http:\/\/colegio9urquiza.edu.ar\/blog\/wp-json\/wp\/v2\/media?parent=512"}],"wp:term":[{"taxonomy":"category","embeddable":true,"href":"http:\/\/colegio9urquiza.edu.ar\/blog\/wp-json\/wp\/v2\/categories?post=512"},{"taxonomy":"post_tag","embeddable":true,"href":"http:\/\/colegio9urquiza.edu.ar\/blog\/wp-json\/wp\/v2\/tags?post=512"}],"curies":[{"name":"wp","href":"https:\/\/api.w.org\/{rel}","templated":true}]}}