{"id":495,"date":"2013-04-10T20:22:00","date_gmt":"2013-04-10T20:22:00","guid":{"rendered":"http:\/\/colegio9urquiza.edu.ar\/blog\/noticias-para-el-jueves-11-de-abril-de-2013\/"},"modified":"2013-04-10T20:22:00","modified_gmt":"2013-04-10T20:22:00","slug":"noticias-para-el-jueves-11-de-abril-de-2013","status":"publish","type":"post","link":"http:\/\/colegio9urquiza.edu.ar\/blog\/noticias-para-el-jueves-11-de-abril-de-2013\/","title":{"rendered":"Noticias para el jueves 11 de abril de 2013"},"content":{"rendered":"<p><b><span style=\"color: #073763;\">\u00a1Hola!<\/span><\/b><\/p>\n<div style=\"clear: both; text-align: center;\"><a href=\"https:\/\/lh5.googleusercontent.com\/proxy\/TwT9rpSyz0GD2gbnxXnIYe1WN_i0_94Xwc5oTP6-8139iDlFAUlbDkfZ2jVKO35yqohZi2lHuKaqT5QyMnVKhoXnTYyaqw\" style=\"clear: left; float: left; margin-bottom: 1em; margin-right: 1em;\"><img decoding=\"async\" border=\"0\" src=\"https:\/\/lh5.googleusercontent.com\/proxy\/TwT9rpSyz0GD2gbnxXnIYe1WN_i0_94Xwc5oTP6-8139iDlFAUlbDkfZ2jVKO35yqohZi2lHuKaqT5QyMnVKhoXnTYyaqw\" \/><\/a><\/div>\n<p><b><span style=\"color: #073763;\">Les comunicamos que a\u00fan persisten los problemas con el suministro el\u00e9ctrico y de agua. Hablamos con los t\u00e9cnicos y nos informaron que ma\u00f1ana proseguir\u00e1n con las reparaciones. Desde el equipo de conducci\u00f3n nos piden que les hagamos llegar las \u00faltimas noticias a todos los lectores: <\/span><span style=\"color: #76a5af;\">&nbsp;ma\u00f1ana jueves 11 de abril no habr\u00e1 clases en ninguno de los tres turnos.<\/span><span style=\"color: #073763;\"> La informaci\u00f3n est\u00e1 confirmada y actualizada a las 17:00 horas.&nbsp;<\/span><\/b><br \/><b><span style=\"color: #073763;\"><br \/><\/span><\/b><b><span style=\"color: #073763;\">Saludos cordiales.<\/span><\/b><br \/><b><span style=\"color: #073763;\"><br \/><\/span><\/b><b><span style=\"color: #073763;\">El equipo de conducci\u00f3n.<\/span><\/b> <!-- Blogger automated replacement: \"http:\/\/images-onepick-opensocial.googleusercontent.com\/gadgets\/proxy?container=onepick&amp;gadget=a&amp;rewriteMime=image%2F*&amp;url=http%3A%2F%2Fwww.clafoti.com%2FDICTIONARY%2FM%2FM_mailbird.gif\" with \"https:\/\/lh5.googleusercontent.com\/proxy\/TwT9rpSyz0GD2gbnxXnIYe1WN_i0_94Xwc5oTP6-8139iDlFAUlbDkfZ2jVKO35yqohZi2lHuKaqT5QyMnVKhoXnTYyaqw\" --><\/p>\n","protected":false},"excerpt":{"rendered":"<p>\u00a1Hola! Les comunicamos que a\u00fan persisten los problemas con el suministro el\u00e9ctrico y de agua. Hablamos con los t\u00e9cnicos y nos informaron que ma\u00f1ana proseguir\u00e1n con las reparaciones. Desde el equipo de conducci\u00f3n nos piden que les hagamos llegar las \u00faltimas noticias a todos los lectores: &nbsp;ma\u00f1ana jueves 11 de abril no habr\u00e1 clases en &hellip; <a href=\"http:\/\/colegio9urquiza.edu.ar\/blog\/noticias-para-el-jueves-11-de-abril-de-2013\/\" class=\"more-link\">Sigue leyendo <span class=\"screen-reader-text\">Noticias para el jueves 11 de abril de 2013<\/span><\/a><\/p>\n","protected":false},"author":2,"featured_media":0,"comment_status":"open","ping_status":"open","sticky":false,"template":"","format":"standard","meta":[],"categories":[1],"tags":[],"_links":{"self":[{"href":"http:\/\/colegio9urquiza.edu.ar\/blog\/wp-json\/wp\/v2\/posts\/495"}],"collection":[{"href":"http:\/\/colegio9urquiza.edu.ar\/blog\/wp-json\/wp\/v2\/posts"}],"about":[{"href":"http:\/\/colegio9urquiza.edu.ar\/blog\/wp-json\/wp\/v2\/types\/post"}],"author":[{"embeddable":true,"href":"http:\/\/colegio9urquiza.edu.ar\/blog\/wp-json\/wp\/v2\/users\/2"}],"replies":[{"embeddable":true,"href":"http:\/\/colegio9urquiza.edu.ar\/blog\/wp-json\/wp\/v2\/comments?post=495"}],"version-history":[{"count":0,"href":"http:\/\/colegio9urquiza.edu.ar\/blog\/wp-json\/wp\/v2\/posts\/495\/revisions"}],"wp:attachment":[{"href":"http:\/\/colegio9urquiza.edu.ar\/blog\/wp-json\/wp\/v2\/media?parent=495"}],"wp:term":[{"taxonomy":"category","embeddable":true,"href":"http:\/\/colegio9urquiza.edu.ar\/blog\/wp-json\/wp\/v2\/categories?post=495"},{"taxonomy":"post_tag","embeddable":true,"href":"http:\/\/colegio9urquiza.edu.ar\/blog\/wp-json\/wp\/v2\/tags?post=495"}],"curies":[{"name":"wp","href":"https:\/\/api.w.org\/{rel}","templated":true}]}}