{"id":494,"date":"2013-04-11T17:33:00","date_gmt":"2013-04-11T17:33:00","guid":{"rendered":"http:\/\/colegio9urquiza.edu.ar\/blog\/espectaculo-para-cursos-superiores-abril-de-2013\/"},"modified":"2013-04-11T17:33:00","modified_gmt":"2013-04-11T17:33:00","slug":"espectaculo-para-cursos-superiores-abril-de-2013","status":"publish","type":"post","link":"http:\/\/colegio9urquiza.edu.ar\/blog\/espectaculo-para-cursos-superiores-abril-de-2013\/","title":{"rendered":"Espect\u00e1culo para cursos superiores: abril de 2013"},"content":{"rendered":"<p><span style=\"color: #073763;\"><b>\u00a1Hola! <\/b><\/span><\/p>\n<div style=\"clear: both; text-align: center;\"><span style=\"color: #073763;\"><b><a href=\"https:\/\/lh4.googleusercontent.com\/proxy\/rotOLnUSpwv9IgaGKAuxqxcqnycqi2FpglzM0fb6JdGpxoA82rHhOSxX3dCOWSyUOGr5l1qW67lKXruzlixWVjMTYz6o5qP0\" style=\"clear: left; float: left; margin-bottom: 1em; margin-right: 1em;\"><img decoding=\"async\" border=\"0\" src=\"https:\/\/lh4.googleusercontent.com\/proxy\/rotOLnUSpwv9IgaGKAuxqxcqnycqi2FpglzM0fb6JdGpxoA82rHhOSxX3dCOWSyUOGr5l1qW67lKXruzlixWVjMTYz6o5qP0\" \/><\/a><\/b><\/span><\/div>\n<p><span style=\"color: #073763;\"><b>Los alumnos de 4\u00b04\u00b0, 4\u00b02\u00b0, 5\u00b01\u00b0 y 5\u00b02\u00b0 del turno tarde concurrir\u00e1n el d\u00eda mi\u00e9rcoles 17\/04\/13 a la Sala Garrick Arte y Cultura, Av. Avellaneda 1359 para participar del espect\u00e1culo \u00abAmarran\u00bb. Deber\u00e1n concurrir a las 9.30 hs. Tendr\u00e1n clases por la tarde. Traer autorizaci\u00f3n firmada por los padres el d\u00eda lunes especificando que los alumnos se trasladan por sus propios medios. Ir\u00e1n acompa\u00f1ados por las profesoras Laura Otero y Silvina Abadi. En el blog de la escuela se dejar\u00e1n algunos links para que vean antes del espect\u00e1culo: por favor ver un v\u00eddeo a continuaci\u00f3n del otro en las siguientes direcciones de you tube: (si no funcionan los enlaces, copiar y pegar en su navegador).<\/b><\/span><\/p>\n<p>http:\/\/www.youtube.com\/watch?v=oRDNLnp9e0I<br \/>http:\/\/www.youtube.com\/watch?v=iANRO3I30nM<\/p>\n<p><span style=\"color: #20124d;\"><b>Saludos a todos&#8230;<\/b><\/span> <!-- Blogger automated replacement: \"http:\/\/images-onepick-opensocial.googleusercontent.com\/gadgets\/proxy?container=onepick&amp;gadget=a&amp;rewriteMime=image%2F*&amp;url=http%3A%2F%2Fwww.clafoti.com%2FDICTIONARY%2FC%2FC_CHECKMARK_.gif\" with \"https:\/\/lh4.googleusercontent.com\/proxy\/rotOLnUSpwv9IgaGKAuxqxcqnycqi2FpglzM0fb6JdGpxoA82rHhOSxX3dCOWSyUOGr5l1qW67lKXruzlixWVjMTYz6o5qP0\" --><\/p>\n","protected":false},"excerpt":{"rendered":"<p>\u00a1Hola! Los alumnos de 4\u00b04\u00b0, 4\u00b02\u00b0, 5\u00b01\u00b0 y 5\u00b02\u00b0 del turno tarde concurrir\u00e1n el d\u00eda mi\u00e9rcoles 17\/04\/13 a la Sala Garrick Arte y Cultura, Av. Avellaneda 1359 para participar del espect\u00e1culo \u00abAmarran\u00bb. Deber\u00e1n concurrir a las 9.30 hs. Tendr\u00e1n clases por la tarde. Traer autorizaci\u00f3n firmada por los padres el d\u00eda lunes especificando que los &hellip; <a href=\"http:\/\/colegio9urquiza.edu.ar\/blog\/espectaculo-para-cursos-superiores-abril-de-2013\/\" class=\"more-link\">Sigue leyendo <span class=\"screen-reader-text\">Espect\u00e1culo para cursos superiores: abril de 2013<\/span><\/a><\/p>\n","protected":false},"author":2,"featured_media":0,"comment_status":"open","ping_status":"open","sticky":false,"template":"","format":"standard","meta":[],"categories":[1],"tags":[],"_links":{"self":[{"href":"http:\/\/colegio9urquiza.edu.ar\/blog\/wp-json\/wp\/v2\/posts\/494"}],"collection":[{"href":"http:\/\/colegio9urquiza.edu.ar\/blog\/wp-json\/wp\/v2\/posts"}],"about":[{"href":"http:\/\/colegio9urquiza.edu.ar\/blog\/wp-json\/wp\/v2\/types\/post"}],"author":[{"embeddable":true,"href":"http:\/\/colegio9urquiza.edu.ar\/blog\/wp-json\/wp\/v2\/users\/2"}],"replies":[{"embeddable":true,"href":"http:\/\/colegio9urquiza.edu.ar\/blog\/wp-json\/wp\/v2\/comments?post=494"}],"version-history":[{"count":0,"href":"http:\/\/colegio9urquiza.edu.ar\/blog\/wp-json\/wp\/v2\/posts\/494\/revisions"}],"wp:attachment":[{"href":"http:\/\/colegio9urquiza.edu.ar\/blog\/wp-json\/wp\/v2\/media?parent=494"}],"wp:term":[{"taxonomy":"category","embeddable":true,"href":"http:\/\/colegio9urquiza.edu.ar\/blog\/wp-json\/wp\/v2\/categories?post=494"},{"taxonomy":"post_tag","embeddable":true,"href":"http:\/\/colegio9urquiza.edu.ar\/blog\/wp-json\/wp\/v2\/tags?post=494"}],"curies":[{"name":"wp","href":"https:\/\/api.w.org\/{rel}","templated":true}]}}