{"id":460,"date":"2013-09-17T21:33:00","date_gmt":"2013-09-17T21:33:00","guid":{"rendered":"http:\/\/colegio9urquiza.edu.ar\/blog\/atencion-martes-17-y-miercoles-18-de-septiembre\/"},"modified":"2013-09-17T21:33:00","modified_gmt":"2013-09-17T21:33:00","slug":"atencion-martes-17-y-miercoles-18-de-septiembre","status":"publish","type":"post","link":"http:\/\/colegio9urquiza.edu.ar\/blog\/atencion-martes-17-y-miercoles-18-de-septiembre\/","title":{"rendered":"Atenci\u00f3n martes 17 y mi\u00e9rcoles 18 de septiembre"},"content":{"rendered":"<p><span style=\"color: #073763;\"><b>\u00a1Hola de nuevo!<\/b><\/span><\/p>\n<div style=\"clear: both; text-align: center;\"><a href=\"http:\/\/www.clafoti.com\/dictionary\/e\/e_extra.gif\" style=\"clear: left; float: left; margin-bottom: 1em; margin-right: 1em;\"><img decoding=\"async\" border=\"0\" src=\"http:\/\/www.clafoti.com\/dictionary\/e\/e_extra.gif\" \/><\/a><\/div>\n<p><span style=\"color: #073763;\"><b>Por decisi\u00f3n del equipo de conducci\u00f3n de nuestro colegio las clases continuar\u00e1n suspendidas durante el d\u00eda de hoy (en el turno noche). Para ma\u00f1ana, 18 de septiembre de 2013 se comenzar\u00e1 con el dictado de clases a partir de las 9:00 horas. <span style=\"color: #4c1130;\">Nota: el personal docente deber\u00e1 presentarse a las 8:50. <\/span><\/b><\/span><br \/><span style=\"color: #073763;\"><b><br \/><\/b><\/span><span style=\"color: #073763;\"><b>Informaci\u00f3n verificada y actualizada a las 18:30<\/b><\/span><br \/><span style=\"color: #073763;\"><b><br \/><\/b><\/span><span style=\"color: #073763;\"><b>Saludos cordiales. <\/b><\/span><br \/><span style=\"color: #073763;\"><b><br \/><\/b><\/span><span style=\"color: #073763;\"><b>El equipo de conducci\u00f3n del Urquiza de Flores<\/b><\/span><\/p>\n","protected":false},"excerpt":{"rendered":"<p>\u00a1Hola de nuevo! Por decisi\u00f3n del equipo de conducci\u00f3n de nuestro colegio las clases continuar\u00e1n suspendidas durante el d\u00eda de hoy (en el turno noche). Para ma\u00f1ana, 18 de septiembre de 2013 se comenzar\u00e1 con el dictado de clases a partir de las 9:00 horas. Nota: el personal docente deber\u00e1 presentarse a las 8:50. Informaci\u00f3n &hellip; <a href=\"http:\/\/colegio9urquiza.edu.ar\/blog\/atencion-martes-17-y-miercoles-18-de-septiembre\/\" class=\"more-link\">Sigue leyendo <span class=\"screen-reader-text\">Atenci\u00f3n martes 17 y mi\u00e9rcoles 18 de septiembre<\/span><\/a><\/p>\n","protected":false},"author":2,"featured_media":0,"comment_status":"open","ping_status":"open","sticky":false,"template":"","format":"standard","meta":[],"categories":[1],"tags":[],"_links":{"self":[{"href":"http:\/\/colegio9urquiza.edu.ar\/blog\/wp-json\/wp\/v2\/posts\/460"}],"collection":[{"href":"http:\/\/colegio9urquiza.edu.ar\/blog\/wp-json\/wp\/v2\/posts"}],"about":[{"href":"http:\/\/colegio9urquiza.edu.ar\/blog\/wp-json\/wp\/v2\/types\/post"}],"author":[{"embeddable":true,"href":"http:\/\/colegio9urquiza.edu.ar\/blog\/wp-json\/wp\/v2\/users\/2"}],"replies":[{"embeddable":true,"href":"http:\/\/colegio9urquiza.edu.ar\/blog\/wp-json\/wp\/v2\/comments?post=460"}],"version-history":[{"count":0,"href":"http:\/\/colegio9urquiza.edu.ar\/blog\/wp-json\/wp\/v2\/posts\/460\/revisions"}],"wp:attachment":[{"href":"http:\/\/colegio9urquiza.edu.ar\/blog\/wp-json\/wp\/v2\/media?parent=460"}],"wp:term":[{"taxonomy":"category","embeddable":true,"href":"http:\/\/colegio9urquiza.edu.ar\/blog\/wp-json\/wp\/v2\/categories?post=460"},{"taxonomy":"post_tag","embeddable":true,"href":"http:\/\/colegio9urquiza.edu.ar\/blog\/wp-json\/wp\/v2\/tags?post=460"}],"curies":[{"name":"wp","href":"https:\/\/api.w.org\/{rel}","templated":true}]}}