{"id":391,"date":"2015-04-07T02:25:00","date_gmt":"2015-04-07T02:25:00","guid":{"rendered":"http:\/\/colegio9urquiza.edu.ar\/blog\/examenes-mayo-de-2015\/"},"modified":"2015-04-07T02:25:00","modified_gmt":"2015-04-07T02:25:00","slug":"examenes-mayo-de-2015","status":"publish","type":"post","link":"http:\/\/colegio9urquiza.edu.ar\/blog\/examenes-mayo-de-2015\/","title":{"rendered":"Ex\u00e1menes mayo de 2015"},"content":{"rendered":"<p><b><i><span style=\"color: #674ea7;\">\u00a1Hola!<\/span><\/i><\/b><\/p>\n<div style=\"clear: both; text-align: center;\"><a href=\"http:\/\/www.clafoti.com\/rare\/penguin_note.gif\" style=\"clear: left; float: left; margin-bottom: 1em; margin-right: 1em;\"><b><i><span style=\"color: #674ea7;\"><img decoding=\"async\" border=\"0\" src=\"http:\/\/www.clafoti.com\/rare\/penguin_note.gif\" \/><\/span><\/i><\/b><\/a><\/div>\n<p><b><i><span style=\"color: #674ea7;\">En esta oportunidad, &nbsp;les publicamos informaci\u00f3n dirigida a alumnos regulares que completan curso y que adeuden hasta 3 materias.&nbsp;-Res 429. Sed.98-.<\/span><\/i><\/b><br \/><b><i><span style=\"color: #674ea7;\">Inscripci\u00f3n (del 20 al 24 de abril de 2015)<\/span><\/i><\/b><br \/><b><i><span style=\"color: #674ea7;\">(se rinden el 04 al 8 de mayo).<\/span><\/i><\/b><br \/><b><i><span style=\"color: #674ea7;\"><br \/><\/span><\/i><\/b><b><i><span style=\"color: #674ea7;\">Horario y d\u00edas de atenci\u00f3n:<\/span><\/i><\/b><br \/><b><i><span style=\"color: #674ea7;\">Turno Ma\u00f1ana: 9 a 11 hs.<\/span><\/i><\/b><br \/><b><i><span style=\"color: #674ea7;\">Turno Tarde: 14 a 16 hs.<\/span><\/i><\/b><br \/><b><i><span style=\"color: #674ea7;\">Turno Noche: 19 a 21 hs.<\/span><\/i><\/b><br \/><b><i><span style=\"color: #674ea7;\">Lunes, mi\u00e9rcoles y viernes.<\/span><\/i><\/b><br \/><b><i><span style=\"color: #674ea7;\"><br \/><\/span><\/i><\/b><b><i><span style=\"color: #674ea7;\">El alumno deber\u00e1 realizar la inscripci\u00f3n en el turno en el que haya cursado, sin excepci\u00f3n. No se olviden de presentar constancia de estudios o trabajo, si corresponde.<\/span><\/i><\/b><br \/><b><i><span style=\"color: #674ea7;\"><br \/><\/span><\/i><\/b><b><i><span style=\"color: #674ea7;\">\u00a1Buena semana para todos! Saludos cordiales.<\/span><\/i><\/b><br \/><b><i><span style=\"color: #674ea7;\"><br \/><\/span><\/i><\/b><b><i><span style=\"color: #674ea7;\">Los que hacemos el Urquiza &#8216;on line.&#8217;<\/span><\/i><\/b><\/p>\n","protected":false},"excerpt":{"rendered":"<p>\u00a1Hola! En esta oportunidad, &nbsp;les publicamos informaci\u00f3n dirigida a alumnos regulares que completan curso y que adeuden hasta 3 materias.&nbsp;-Res 429. Sed.98-.Inscripci\u00f3n (del 20 al 24 de abril de 2015)(se rinden el 04 al 8 de mayo).Horario y d\u00edas de atenci\u00f3n:Turno Ma\u00f1ana: 9 a 11 hs.Turno Tarde: 14 a 16 hs.Turno Noche: 19 a 21 &hellip; <a href=\"http:\/\/colegio9urquiza.edu.ar\/blog\/examenes-mayo-de-2015\/\" class=\"more-link\">Sigue leyendo <span class=\"screen-reader-text\">Ex\u00e1menes mayo de 2015<\/span><\/a><\/p>\n","protected":false},"author":2,"featured_media":0,"comment_status":"open","ping_status":"open","sticky":false,"template":"","format":"standard","meta":[],"categories":[1],"tags":[],"_links":{"self":[{"href":"http:\/\/colegio9urquiza.edu.ar\/blog\/wp-json\/wp\/v2\/posts\/391"}],"collection":[{"href":"http:\/\/colegio9urquiza.edu.ar\/blog\/wp-json\/wp\/v2\/posts"}],"about":[{"href":"http:\/\/colegio9urquiza.edu.ar\/blog\/wp-json\/wp\/v2\/types\/post"}],"author":[{"embeddable":true,"href":"http:\/\/colegio9urquiza.edu.ar\/blog\/wp-json\/wp\/v2\/users\/2"}],"replies":[{"embeddable":true,"href":"http:\/\/colegio9urquiza.edu.ar\/blog\/wp-json\/wp\/v2\/comments?post=391"}],"version-history":[{"count":0,"href":"http:\/\/colegio9urquiza.edu.ar\/blog\/wp-json\/wp\/v2\/posts\/391\/revisions"}],"wp:attachment":[{"href":"http:\/\/colegio9urquiza.edu.ar\/blog\/wp-json\/wp\/v2\/media?parent=391"}],"wp:term":[{"taxonomy":"category","embeddable":true,"href":"http:\/\/colegio9urquiza.edu.ar\/blog\/wp-json\/wp\/v2\/categories?post=391"},{"taxonomy":"post_tag","embeddable":true,"href":"http:\/\/colegio9urquiza.edu.ar\/blog\/wp-json\/wp\/v2\/tags?post=391"}],"curies":[{"name":"wp","href":"https:\/\/api.w.org\/{rel}","templated":true}]}}