{"id":379,"date":"2015-06-07T17:43:00","date_gmt":"2015-06-07T17:43:00","guid":{"rendered":"http:\/\/colegio9urquiza.edu.ar\/blog\/lili-meier-en-el-urquiza\/"},"modified":"2015-06-07T17:43:00","modified_gmt":"2015-06-07T17:43:00","slug":"lili-meier-en-el-urquiza","status":"publish","type":"post","link":"http:\/\/colegio9urquiza.edu.ar\/blog\/lili-meier-en-el-urquiza\/","title":{"rendered":"Lili Meier en el Urquiza&#8230;."},"content":{"rendered":"<p><b><i><span style=\"color: #073763;\">\u00a1Hola!<\/span><\/i><\/b><br \/><span style=\"color: #073763;\"><b><i>El<span style=\"font-family: Arial, sans-serif; font-size: 10pt; line-height: 115%;\"> mi\u00e9rcoles 27 de mayo por la tarde<\/span><\/i><\/b><\/span><b><i><span style=\"color: #073763;\">&nbsp;estuvimos en la biblioteca de la escuela escuchando historias y poes\u00edas a cargo de la narradora, docente y capacitadora Lili Meier. &nbsp;Gracias a la siempre invalorable colaboraci\u00f3n del profesor Temis Saccomano podemos hacerles llegar este&nbsp;<\/span><\/i><\/b><b><i><span style=\"color: #073763;\">material. Agradecemos tambi\u00e9n a la preceptora Carolina Carapezza a quien vimos esmerarse desde una mir\u00edada de \u00e1ngulos para obtener las fotos que aqu\u00ed les hacemos llegar&#8230;<\/span><\/i><\/b><br \/><b><i><span style=\"color: #073763;\"><br \/><\/span><\/i><\/b><\/p>\n<div style=\"text-align: center;\"><\/div>\n<div style=\"text-align: center;\"><object height=\"300\" width=\"400\"><param name=\"flashvars\" value=\"offsite=true&#038;lang=es-us&#038;page_show_url=%2Fphotos%2F53900150%40N04%2Fsets%2F72157651398159824%2Fshow%2F&#038;page_show_back_url=%2Fphotos%2F53900150%40N04%2Fsets%2F72157651398159824%2F&#038;set_id=72157651398159824&#038;jump_to=\"><\/param><param name=\"movie\" value=\"https:\/\/www.flickr.com\/apps\/slideshow\/show.swf?v=1811922554\"><\/param><param name=\"allowFullScreen\" value=\"true\"><\/param><embed type=\"application\/x-shockwave-flash\" src=\"https:\/\/www.flickr.com\/apps\/slideshow\/show.swf?v=1811922554\" allowFullScreen=\"true\" flashvars=\"offsite=true&#038;lang=es-us&#038;page_show_url=%2Fphotos%2F53900150%40N04%2Fsets%2F72157651398159824%2Fshow%2F&#038;page_show_back_url=%2Fphotos%2F53900150%40N04%2Fsets%2F72157651398159824%2F&#038;set_id=72157651398159824&#038;jump_to=\" width=\"400\" height=\"300\"><\/embed><\/object>&nbsp;<\/div>\n<div style=\"text-align: center;\"><\/div>\n<p><b><i><span style=\"color: #073763;\">Saludos cordiales&#8230;.<\/span><\/i><\/b><br \/><b><i><span style=\"color: #073763;\"><br \/><\/span><\/i><\/b><b><i><span style=\"color: #073763;\"><br \/><\/span><\/i><\/b><b><i><span style=\"color: #073763;\">Los que hacemos el Urquiza &#8216;on line.&#8217;<\/span><\/i><\/b><\/p>\n","protected":false},"excerpt":{"rendered":"<p>\u00a1Hola!El mi\u00e9rcoles 27 de mayo por la tarde&nbsp;estuvimos en la biblioteca de la escuela escuchando historias y poes\u00edas a cargo de la narradora, docente y capacitadora Lili Meier. &nbsp;Gracias a la siempre invalorable colaboraci\u00f3n del profesor Temis Saccomano podemos hacerles llegar este&nbsp;material. Agradecemos tambi\u00e9n a la preceptora Carolina Carapezza a quien vimos esmerarse desde una &hellip; <a href=\"http:\/\/colegio9urquiza.edu.ar\/blog\/lili-meier-en-el-urquiza\/\" class=\"more-link\">Sigue leyendo <span class=\"screen-reader-text\">Lili Meier en el Urquiza&#8230;.<\/span><\/a><\/p>\n","protected":false},"author":2,"featured_media":0,"comment_status":"open","ping_status":"open","sticky":false,"template":"","format":"standard","meta":[],"categories":[1],"tags":[],"_links":{"self":[{"href":"http:\/\/colegio9urquiza.edu.ar\/blog\/wp-json\/wp\/v2\/posts\/379"}],"collection":[{"href":"http:\/\/colegio9urquiza.edu.ar\/blog\/wp-json\/wp\/v2\/posts"}],"about":[{"href":"http:\/\/colegio9urquiza.edu.ar\/blog\/wp-json\/wp\/v2\/types\/post"}],"author":[{"embeddable":true,"href":"http:\/\/colegio9urquiza.edu.ar\/blog\/wp-json\/wp\/v2\/users\/2"}],"replies":[{"embeddable":true,"href":"http:\/\/colegio9urquiza.edu.ar\/blog\/wp-json\/wp\/v2\/comments?post=379"}],"version-history":[{"count":0,"href":"http:\/\/colegio9urquiza.edu.ar\/blog\/wp-json\/wp\/v2\/posts\/379\/revisions"}],"wp:attachment":[{"href":"http:\/\/colegio9urquiza.edu.ar\/blog\/wp-json\/wp\/v2\/media?parent=379"}],"wp:term":[{"taxonomy":"category","embeddable":true,"href":"http:\/\/colegio9urquiza.edu.ar\/blog\/wp-json\/wp\/v2\/categories?post=379"},{"taxonomy":"post_tag","embeddable":true,"href":"http:\/\/colegio9urquiza.edu.ar\/blog\/wp-json\/wp\/v2\/tags?post=379"}],"curies":[{"name":"wp","href":"https:\/\/api.w.org\/{rel}","templated":true}]}}