{"id":318,"date":"2016-05-09T03:54:00","date_gmt":"2016-05-09T03:54:00","guid":{"rendered":"http:\/\/colegio9urquiza.edu.ar\/blog\/jornada-institucional-11-de-mayo-de-2016\/"},"modified":"2016-05-09T03:54:00","modified_gmt":"2016-05-09T03:54:00","slug":"jornada-institucional-11-de-mayo-de-2016","status":"publish","type":"post","link":"http:\/\/colegio9urquiza.edu.ar\/blog\/jornada-institucional-11-de-mayo-de-2016\/","title":{"rendered":"Jornada Institucional 11 de mayo de 2016"},"content":{"rendered":"<p><b><span style=\"color: #073763;\">\u00a1Hola!<\/span><\/b><br \/><b><span style=\"color: #073763;\"><br \/><\/span><\/b><\/p>\n<div style=\"clear: both; text-align: center;\"><a href=\"http:\/\/www.clafoti.com\/DICTIONARY\/C\/C_CHECKMARK_.gif\" style=\"clear: left; float: left; margin-bottom: 1em; margin-right: 1em;\"><img decoding=\"async\" border=\"0\" src=\"http:\/\/www.clafoti.com\/DICTIONARY\/C\/C_CHECKMARK_.gif\" \/><\/a><\/div>\n<p><b><span style=\"color: #073763;\">Les recordamos que el mi\u00e9rcoles 11 de mayo tendr\u00e1 lugar en nuestra escuela una nueva jornada EMI (Espacio de Mejora Institucional) que ser\u00e1 obligatoria para los docentes y con suspensi\u00f3n de clases para los alumnos. El horario de la jornada ser\u00e1 de 9 a 13 horas.<\/span><\/b><br \/><b><span style=\"color: #073763;\"><br \/><\/span><\/b><b><span style=\"color: #073763;\">\u00a1Buena semana!<\/span><\/b><br \/><b><span style=\"color: #073763;\"><br \/><\/span><\/b><b><span style=\"color: #073763;\">Saludos cordiales<\/span><\/b><br \/><b><span style=\"color: #073763;\"><br \/><\/span><\/b><b><span style=\"color: #073763;\">El equipo de conducci\u00f3n.<\/span><\/b><\/p>\n","protected":false},"excerpt":{"rendered":"<p>\u00a1Hola! Les recordamos que el mi\u00e9rcoles 11 de mayo tendr\u00e1 lugar en nuestra escuela una nueva jornada EMI (Espacio de Mejora Institucional) que ser\u00e1 obligatoria para los docentes y con suspensi\u00f3n de clases para los alumnos. El horario de la jornada ser\u00e1 de 9 a 13 horas.\u00a1Buena semana!Saludos cordialesEl equipo de conducci\u00f3n.<\/p>\n","protected":false},"author":2,"featured_media":0,"comment_status":"open","ping_status":"open","sticky":false,"template":"","format":"standard","meta":[],"categories":[1],"tags":[],"_links":{"self":[{"href":"http:\/\/colegio9urquiza.edu.ar\/blog\/wp-json\/wp\/v2\/posts\/318"}],"collection":[{"href":"http:\/\/colegio9urquiza.edu.ar\/blog\/wp-json\/wp\/v2\/posts"}],"about":[{"href":"http:\/\/colegio9urquiza.edu.ar\/blog\/wp-json\/wp\/v2\/types\/post"}],"author":[{"embeddable":true,"href":"http:\/\/colegio9urquiza.edu.ar\/blog\/wp-json\/wp\/v2\/users\/2"}],"replies":[{"embeddable":true,"href":"http:\/\/colegio9urquiza.edu.ar\/blog\/wp-json\/wp\/v2\/comments?post=318"}],"version-history":[{"count":0,"href":"http:\/\/colegio9urquiza.edu.ar\/blog\/wp-json\/wp\/v2\/posts\/318\/revisions"}],"wp:attachment":[{"href":"http:\/\/colegio9urquiza.edu.ar\/blog\/wp-json\/wp\/v2\/media?parent=318"}],"wp:term":[{"taxonomy":"category","embeddable":true,"href":"http:\/\/colegio9urquiza.edu.ar\/blog\/wp-json\/wp\/v2\/categories?post=318"},{"taxonomy":"post_tag","embeddable":true,"href":"http:\/\/colegio9urquiza.edu.ar\/blog\/wp-json\/wp\/v2\/tags?post=318"}],"curies":[{"name":"wp","href":"https:\/\/api.w.org\/{rel}","templated":true}]}}