{"id":316,"date":"2016-05-19T04:03:00","date_gmt":"2016-05-19T04:03:00","guid":{"rendered":"http:\/\/colegio9urquiza.edu.ar\/blog\/sin-clases-por-desinsectacion-el-24-de-mayo\/"},"modified":"2016-05-19T04:03:00","modified_gmt":"2016-05-19T04:03:00","slug":"sin-clases-por-desinsectacion-el-24-de-mayo","status":"publish","type":"post","link":"http:\/\/colegio9urquiza.edu.ar\/blog\/sin-clases-por-desinsectacion-el-24-de-mayo\/","title":{"rendered":"Sin clases por desinsectaci\u00f3n el 24 de mayo"},"content":{"rendered":"<p><b><span style=\"color: #0b5394;\">\u00a1Hola!<\/span><\/b><br \/><b><span style=\"color: #0b5394;\"><br \/><\/span><\/b><\/p>\n<div style=\"clear: both; text-align: center;\"><a href=\"http:\/\/www.clafoti.com\/DICTIONARY\/C\/C_CHECKMARK_.gif\" style=\"clear: left; float: left; margin-bottom: 1em; margin-right: 1em;\"><img decoding=\"async\" border=\"0\" src=\"http:\/\/www.clafoti.com\/DICTIONARY\/C\/C_CHECKMARK_.gif\" \/><\/a><\/div>\n<p><b><span style=\"color: #0b5394;\">Les informamos que el martes 24 de mayo &nbsp;las clases quedar\u00e1n suspendidas por desinsectaci\u00f3n del establecimiento. La suspensi\u00f3n de clases abarcar\u00e1 a los tres turnos correspondientes del d\u00eda.&nbsp;<\/span><\/b><br \/><b><span style=\"color: #0b5394;\"><br \/><\/span><\/b><b><span style=\"color: #0b5394;\">Saludos cordiales a todos.&nbsp;<\/span><\/b><br \/><b><span style=\"color: #0b5394;\"><br \/><\/span><\/b><b><span style=\"color: #0b5394;\">El equipo de conducci\u00f3n<\/span><\/b><\/p>\n","protected":false},"excerpt":{"rendered":"<p>\u00a1Hola! Les informamos que el martes 24 de mayo &nbsp;las clases quedar\u00e1n suspendidas por desinsectaci\u00f3n del establecimiento. La suspensi\u00f3n de clases abarcar\u00e1 a los tres turnos correspondientes del d\u00eda.&nbsp;Saludos cordiales a todos.&nbsp;El equipo de conducci\u00f3n<\/p>\n","protected":false},"author":2,"featured_media":0,"comment_status":"open","ping_status":"open","sticky":false,"template":"","format":"standard","meta":[],"categories":[1],"tags":[],"_links":{"self":[{"href":"http:\/\/colegio9urquiza.edu.ar\/blog\/wp-json\/wp\/v2\/posts\/316"}],"collection":[{"href":"http:\/\/colegio9urquiza.edu.ar\/blog\/wp-json\/wp\/v2\/posts"}],"about":[{"href":"http:\/\/colegio9urquiza.edu.ar\/blog\/wp-json\/wp\/v2\/types\/post"}],"author":[{"embeddable":true,"href":"http:\/\/colegio9urquiza.edu.ar\/blog\/wp-json\/wp\/v2\/users\/2"}],"replies":[{"embeddable":true,"href":"http:\/\/colegio9urquiza.edu.ar\/blog\/wp-json\/wp\/v2\/comments?post=316"}],"version-history":[{"count":0,"href":"http:\/\/colegio9urquiza.edu.ar\/blog\/wp-json\/wp\/v2\/posts\/316\/revisions"}],"wp:attachment":[{"href":"http:\/\/colegio9urquiza.edu.ar\/blog\/wp-json\/wp\/v2\/media?parent=316"}],"wp:term":[{"taxonomy":"category","embeddable":true,"href":"http:\/\/colegio9urquiza.edu.ar\/blog\/wp-json\/wp\/v2\/categories?post=316"},{"taxonomy":"post_tag","embeddable":true,"href":"http:\/\/colegio9urquiza.edu.ar\/blog\/wp-json\/wp\/v2\/tags?post=316"}],"curies":[{"name":"wp","href":"https:\/\/api.w.org\/{rel}","templated":true}]}}