{"id":287,"date":"2016-10-11T16:16:00","date_gmt":"2016-10-11T16:16:00","guid":{"rendered":"http:\/\/colegio9urquiza.edu.ar\/blog\/trabajos-de-arte-y-plastica-2do-3ra\/"},"modified":"2016-10-11T16:16:00","modified_gmt":"2016-10-11T16:16:00","slug":"trabajos-de-arte-y-plastica-2do-3ra","status":"publish","type":"post","link":"http:\/\/colegio9urquiza.edu.ar\/blog\/trabajos-de-arte-y-plastica-2do-3ra\/","title":{"rendered":"Trabajos de arte y pl\u00e1stica 2do 3ra"},"content":{"rendered":"<p><b><i><span style=\"color: #351c75;\">\u00a1Hola!<\/span><\/i><\/b><br \/><b><i><span style=\"color: #351c75;\"><br \/><\/span><\/i><\/b><b><i><span style=\"color: #351c75;\">La profesora de arte y pl\u00e1stica, Ver\u00f3nica Casagrande, &nbsp;nos env\u00eda algunas im\u00e1genes de trabajos realizados por alumnos del curso de 2do a\u00f1o 3ra divisi\u00f3n del turno ma\u00f1ana sobre el tema de \u00aban\u00e1lisis de estructura y tipos de l\u00ednea\u00bb. Esperamos que sean de su agrado&#8230;.<\/span><\/i><\/b><br \/><b><i><span style=\"color: #351c75;\"><br \/><\/span><\/i><\/b><\/p>\n<div style=\"text-align: center;\"><b><i><span style=\"color: #351c75;\"><object height=\"300\" width=\"400\"><param name=\"flashvars\" value=\"offsite=true&#038;lang=es-us&#038;page_show_url=%2Fphotos%2F53900150%40N04%2Fsets%2F72157671555471424%2Fshow%2F&#038;page_show_back_url=%2Fphotos%2F53900150%40N04%2Fsets%2F72157671555471424%2F&#038;set_id=72157671555471424&#038;jump_to=\"><\/param><param name=\"movie\" value=\"https:\/\/www.flickr.com\/apps\/slideshow\/show.swf?v=261948265\"><\/param><param name=\"allowFullScreen\" value=\"true\"><\/param><embed type=\"application\/x-shockwave-flash\" src=\"https:\/\/www.flickr.com\/apps\/slideshow\/show.swf?v=261948265\" allowFullScreen=\"true\" flashvars=\"offsite=true&#038;lang=es-us&#038;page_show_url=%2Fphotos%2F53900150%40N04%2Fsets%2F72157671555471424%2Fshow%2F&#038;page_show_back_url=%2Fphotos%2F53900150%40N04%2Fsets%2F72157671555471424%2F&#038;set_id=72157671555471424&#038;jump_to=\" width=\"400\" height=\"300\"><\/embed><\/object><\/span><\/i><\/b><\/div>\n<p><b><i><span style=\"color: #351c75;\">Saludos cordiales&#8230;<\/span><\/i><\/b><br \/><b><i><span style=\"color: #351c75;\"><br \/><\/span><\/i><\/b><b><i><span style=\"color: #351c75;\">Los que hacemos el Urquiza &#8216;on line\u00bb.<\/span><\/i><\/b><\/p>\n","protected":false},"excerpt":{"rendered":"<p>\u00a1Hola!La profesora de arte y pl\u00e1stica, Ver\u00f3nica Casagrande, &nbsp;nos env\u00eda algunas im\u00e1genes de trabajos realizados por alumnos del curso de 2do a\u00f1o 3ra divisi\u00f3n del turno ma\u00f1ana sobre el tema de \u00aban\u00e1lisis de estructura y tipos de l\u00ednea\u00bb. Esperamos que sean de su agrado&#8230;. Saludos cordiales&#8230;Los que hacemos el Urquiza &#8216;on line\u00bb.<\/p>\n","protected":false},"author":2,"featured_media":0,"comment_status":"open","ping_status":"open","sticky":false,"template":"","format":"standard","meta":[],"categories":[1],"tags":[],"_links":{"self":[{"href":"http:\/\/colegio9urquiza.edu.ar\/blog\/wp-json\/wp\/v2\/posts\/287"}],"collection":[{"href":"http:\/\/colegio9urquiza.edu.ar\/blog\/wp-json\/wp\/v2\/posts"}],"about":[{"href":"http:\/\/colegio9urquiza.edu.ar\/blog\/wp-json\/wp\/v2\/types\/post"}],"author":[{"embeddable":true,"href":"http:\/\/colegio9urquiza.edu.ar\/blog\/wp-json\/wp\/v2\/users\/2"}],"replies":[{"embeddable":true,"href":"http:\/\/colegio9urquiza.edu.ar\/blog\/wp-json\/wp\/v2\/comments?post=287"}],"version-history":[{"count":0,"href":"http:\/\/colegio9urquiza.edu.ar\/blog\/wp-json\/wp\/v2\/posts\/287\/revisions"}],"wp:attachment":[{"href":"http:\/\/colegio9urquiza.edu.ar\/blog\/wp-json\/wp\/v2\/media?parent=287"}],"wp:term":[{"taxonomy":"category","embeddable":true,"href":"http:\/\/colegio9urquiza.edu.ar\/blog\/wp-json\/wp\/v2\/categories?post=287"},{"taxonomy":"post_tag","embeddable":true,"href":"http:\/\/colegio9urquiza.edu.ar\/blog\/wp-json\/wp\/v2\/tags?post=287"}],"curies":[{"name":"wp","href":"https:\/\/api.w.org\/{rel}","templated":true}]}}