{"id":216,"date":"2018-03-26T03:01:00","date_gmt":"2018-03-26T03:01:00","guid":{"rendered":"http:\/\/colegio9urquiza.edu.ar\/blog\/dia-nacional-por-la-memoria-la-verdad-y-la-justicia\/"},"modified":"2018-03-26T03:01:00","modified_gmt":"2018-03-26T03:01:00","slug":"dia-nacional-por-la-memoria-la-verdad-y-la-justicia","status":"publish","type":"post","link":"http:\/\/colegio9urquiza.edu.ar\/blog\/dia-nacional-por-la-memoria-la-verdad-y-la-justicia\/","title":{"rendered":"D\u00eda Nacional por la Memoria, la Verdad y la Justicia&#8230;"},"content":{"rendered":"<p><b><span style=\"color: #134f5c;\">\u00a1Hola!<\/span><\/b><br \/><b><span style=\"color: #134f5c;\">El viernes 23 de marzo se conmemor\u00f3 en la escuela con distintos actos, otro aniversario del D\u00eda de la Memoria por la Verdad y La Justicia. Les mostramos algunas fotos de todo lo que se prepar\u00f3 para esta fecha tan importante&#8230;.&nbsp; &nbsp;Le agradecemos a los profesores Silvia Ag\u00fcero,&nbsp; Ver\u00f3nica Casagrande&nbsp; y Josefina Laborda por colaborar con el material audio visual para publicar en este medio.<\/span><\/b><br \/><b><span style=\"color: #134f5c;\"><br \/><\/span><\/b><b><span style=\"color: #134f5c;\"><br \/><\/span><\/b><\/p>\n<div style=\"text-align: center;\"><b><span style=\"color: #134f5c;\"><object height=\"300\" width=\"400\"><param name=\"flashvars\" value=\"offsite=true&#038;lang=es-us&#038;page_show_url=%2Fphotos%2F53900150%40N04%2Fsets%2F72157694892907925%2Fshow%2F&#038;page_show_back_url=%2Fphotos%2F53900150%40N04%2Fsets%2F72157694892907925%2F&#038;set_id=72157694892907925&#038;jump_to=0\"><\/param><param name=\"movie\" value=\"https:\/\/www.flickr.com\/apps\/slideshow\/show.swf?v=261948265\"><\/param><param name=\"allowFullScreen\" value=\"true\"><\/param><embed type=\"application\/x-shockwave-flash\" src=\"https:\/\/www.flickr.com\/apps\/slideshow\/show.swf?v=261948265\" allowFullScreen=\"true\" flashvars=\"offsite=true&#038;lang=es-us&#038;page_show_url=%2Fphotos%2F53900150%40N04%2Fsets%2F72157694892907925%2Fshow%2F&#038;page_show_back_url=%2Fphotos%2F53900150%40N04%2Fsets%2F72157694892907925%2F&#038;set_id=72157694892907925&#038;jump_to=0\" width=\"400\" height=\"300\"><\/embed><\/object><\/span><\/b><br \/><b><span style=\"color: #134f5c;\"><br \/><\/span><\/b><b><span style=\"color: #134f5c;\"><br \/><\/span><\/b><b><span style=\"color: #134f5c;\"><br \/><\/span><\/b><\/p>\n<div style=\"text-align: left;\">\n<div style=\"text-align: center;\"><iframe loading=\"lazy\" allowfullscreen=\"\" frameborder=\"0\" gesture=\"media\" height=\"315\" src=\"https:\/\/www.youtube.com\/embed\/mG1pWQryj-U\" width=\"420\"><\/iframe><\/div>\n<\/div>\n<p><b><span style=\"color: #134f5c;\"><br \/><\/span><\/b><\/div>\n<div style=\"text-align: center;\"><b><span style=\"color: #134f5c;\"><br \/><\/span><\/b><\/div>\n<p><b><span style=\"color: #134f5c;\">Saludos cordiales.<\/span><\/b><br \/><b><span style=\"color: #134f5c;\">\u00a1Buena semana!<\/span><\/b><br \/><b><span style=\"color: #134f5c;\">Los que hacemos el Urquiza &#8216;on line&#8217;<\/span><\/b><\/p>\n","protected":false},"excerpt":{"rendered":"<p>\u00a1Hola!El viernes 23 de marzo se conmemor\u00f3 en la escuela con distintos actos, otro aniversario del D\u00eda de la Memoria por la Verdad y La Justicia. Les mostramos algunas fotos de todo lo que se prepar\u00f3 para esta fecha tan importante&#8230;.&nbsp; &nbsp;Le agradecemos a los profesores Silvia Ag\u00fcero,&nbsp; Ver\u00f3nica Casagrande&nbsp; y Josefina Laborda por colaborar &hellip; <a href=\"http:\/\/colegio9urquiza.edu.ar\/blog\/dia-nacional-por-la-memoria-la-verdad-y-la-justicia\/\" class=\"more-link\">Sigue leyendo <span class=\"screen-reader-text\">D\u00eda Nacional por la Memoria, la Verdad y la Justicia&#8230;<\/span><\/a><\/p>\n","protected":false},"author":2,"featured_media":0,"comment_status":"open","ping_status":"open","sticky":false,"template":"","format":"standard","meta":[],"categories":[1],"tags":[],"_links":{"self":[{"href":"http:\/\/colegio9urquiza.edu.ar\/blog\/wp-json\/wp\/v2\/posts\/216"}],"collection":[{"href":"http:\/\/colegio9urquiza.edu.ar\/blog\/wp-json\/wp\/v2\/posts"}],"about":[{"href":"http:\/\/colegio9urquiza.edu.ar\/blog\/wp-json\/wp\/v2\/types\/post"}],"author":[{"embeddable":true,"href":"http:\/\/colegio9urquiza.edu.ar\/blog\/wp-json\/wp\/v2\/users\/2"}],"replies":[{"embeddable":true,"href":"http:\/\/colegio9urquiza.edu.ar\/blog\/wp-json\/wp\/v2\/comments?post=216"}],"version-history":[{"count":0,"href":"http:\/\/colegio9urquiza.edu.ar\/blog\/wp-json\/wp\/v2\/posts\/216\/revisions"}],"wp:attachment":[{"href":"http:\/\/colegio9urquiza.edu.ar\/blog\/wp-json\/wp\/v2\/media?parent=216"}],"wp:term":[{"taxonomy":"category","embeddable":true,"href":"http:\/\/colegio9urquiza.edu.ar\/blog\/wp-json\/wp\/v2\/categories?post=216"},{"taxonomy":"post_tag","embeddable":true,"href":"http:\/\/colegio9urquiza.edu.ar\/blog\/wp-json\/wp\/v2\/tags?post=216"}],"curies":[{"name":"wp","href":"https:\/\/api.w.org\/{rel}","templated":true}]}}