{"id":187,"date":"2018-11-10T05:21:00","date_gmt":"2018-11-10T05:21:00","guid":{"rendered":"http:\/\/colegio9urquiza.edu.ar\/blog\/celebracion-dia-del-patrono\/"},"modified":"2018-11-10T05:21:00","modified_gmt":"2018-11-10T05:21:00","slug":"celebracion-dia-del-patrono","status":"publish","type":"post","link":"http:\/\/colegio9urquiza.edu.ar\/blog\/celebracion-dia-del-patrono\/","title":{"rendered":"Celebraci\u00f3n d\u00eda del patrono"},"content":{"rendered":"<p><span style=\"color: #0b5394;\">Hola<\/span><br \/><span style=\"color: #0b5394;\">En esta oportunidad les publicamos algunos v\u00eddeos sobre el d\u00eda del patrono de la escuela&#8230; Felicitamos a los alumnos y a los profesores que organizaron la celebraci\u00f3n.<\/span><br \/><span style=\"color: #0b5394;\"><br \/><\/span><span style=\"color: #0b5394;\"><br \/><\/span><\/p>\n<div style=\"text-align: center;\"><span style=\"color: #0b5394;\"><iframe loading=\"lazy\" allow=\"autoplay; encrypted-media\" allowfullscreen=\"\" frameborder=\"0\" height=\"315\" src=\"https:\/\/www.youtube.com\/embed\/5BD4cBjdd_8\" width=\"420\"><\/iframe><br \/><\/span><\/div>\n<div style=\"text-align: center;\"><span style=\"color: #0b5394;\"><br \/><\/span><\/div>\n<div style=\"text-align: center;\"><span style=\"color: #0b5394;\"><br \/><\/span><\/div>\n<div style=\"text-align: center;\"><span style=\"color: #0b5394;\"><iframe loading=\"lazy\" allow=\"autoplay; encrypted-media\" allowfullscreen=\"\" frameborder=\"0\" height=\"315\" src=\"https:\/\/www.youtube.com\/embed\/N9_zzA9T4BI\" width=\"420\"><\/iframe><\/span><\/div>\n<p><span style=\"color: #0b5394;\"><br \/><\/span><span style=\"color: #0b5394;\">Saludos cordiales<\/span><\/p>\n","protected":false},"excerpt":{"rendered":"<p>HolaEn esta oportunidad les publicamos algunos v\u00eddeos sobre el d\u00eda del patrono de la escuela&#8230; Felicitamos a los alumnos y a los profesores que organizaron la celebraci\u00f3n. Saludos cordiales<\/p>\n","protected":false},"author":2,"featured_media":0,"comment_status":"open","ping_status":"open","sticky":false,"template":"","format":"standard","meta":[],"categories":[1],"tags":[],"_links":{"self":[{"href":"http:\/\/colegio9urquiza.edu.ar\/blog\/wp-json\/wp\/v2\/posts\/187"}],"collection":[{"href":"http:\/\/colegio9urquiza.edu.ar\/blog\/wp-json\/wp\/v2\/posts"}],"about":[{"href":"http:\/\/colegio9urquiza.edu.ar\/blog\/wp-json\/wp\/v2\/types\/post"}],"author":[{"embeddable":true,"href":"http:\/\/colegio9urquiza.edu.ar\/blog\/wp-json\/wp\/v2\/users\/2"}],"replies":[{"embeddable":true,"href":"http:\/\/colegio9urquiza.edu.ar\/blog\/wp-json\/wp\/v2\/comments?post=187"}],"version-history":[{"count":0,"href":"http:\/\/colegio9urquiza.edu.ar\/blog\/wp-json\/wp\/v2\/posts\/187\/revisions"}],"wp:attachment":[{"href":"http:\/\/colegio9urquiza.edu.ar\/blog\/wp-json\/wp\/v2\/media?parent=187"}],"wp:term":[{"taxonomy":"category","embeddable":true,"href":"http:\/\/colegio9urquiza.edu.ar\/blog\/wp-json\/wp\/v2\/categories?post=187"},{"taxonomy":"post_tag","embeddable":true,"href":"http:\/\/colegio9urquiza.edu.ar\/blog\/wp-json\/wp\/v2\/tags?post=187"}],"curies":[{"name":"wp","href":"https:\/\/api.w.org\/{rel}","templated":true}]}}